{"id":15814,"date":"2022-02-07T08:00:56","date_gmt":"2022-02-07T07:00:56","guid":{"rendered":"https:\/\/serveiseducatius.xtec.cat\/altmaresme\/?p=15814"},"modified":"2022-02-04T12:52:15","modified_gmt":"2022-02-04T11:52:15","slug":"8-de-febrer-dia-de-la-internet-segura-recursos-per-persones-docents-alumnat-i-families","status":"publish","type":"post","link":"https:\/\/serveiseducatius.xtec.cat\/altmaresme\/general\/8-de-febrer-dia-de-la-internet-segura-recursos-per-persones-docents-alumnat-i-families\/","title":{"rendered":"8 de febrer. Dia de la Internet Segura. Recursos per persones docents, alumnat i fam\u00edlies."},"content":{"rendered":"<p>El <strong>8 de febrer<\/strong> se celebra el <a href=\"https:\/\/internetsegura.cat\/definicio-projecte\/dia-internet-segura\/\" target=\"_blank\" rel=\"noopener\">Dia de la Internet Segura 2022<\/a>. \u00c9s una data marcada al calendari per posar \u00e8mfasi en la necessitat de construir, entre tots, una Internet millor. Enguany, es vol adre\u00e7ar aquesta consigna als educadors, als alumnes i a les alumnes i a les fam\u00edlies.<\/p>\n<p><strong>El Dia de la Internet Segura<\/strong>\u00a0fou proposat al si de la Uni\u00f3 Europea (<strong><a href=\"https:\/\/www.saferinternetday.org\/\" target=\"_blank\" rel=\"noreferrer noopener\">Safer Internet Day<\/a><\/strong>), i ha estat assumit per molts pa\u00efsos d\u2019arreu del m\u00f3n.<\/p>\n<p>Aquesta jornada t\u00e9 com a objectiu la promoci\u00f3 de l\u2019\u00fas responsable, respectu\u00f3s, cr\u00edtic i creatiu de les noves tecnologies. La jornada crida a l\u2019acci\u00f3 conjunta dels actors pol\u00edtics i socials i al seu comprom\u00eds perqu\u00e8 tothom tingui acc\u00e9s a una Internet millor, m\u00e9s confortable i respectuosa. Un dels factors clau del <strong>Dia de la Internet Segura<\/strong> \u00e9s el suport als docents i treballadors socials en la tasca pedag\u00f2gica d\u2019explicar qu\u00e8 \u00e9s Internet, per a qu\u00e8 serveix i com podem aprendre a fer-ne un bon \u00fas, a l&#8217;espai web Internet Segura ens proposen continguts i activitats per educadors, alumnat i fam\u00edlies.<\/p>\n<table style=\"border-collapse: collapse; width: 100%;\">\n<tbody>\n<tr>\n<td style=\"width: 33.3333%;\" colspan=\"3\">\n<h4 style=\"text-align: center;\">RECURSOS, ACTIVITATS I INFORMACIONS PER:<\/h4>\n<\/td>\n<\/tr>\n<tr>\n<td style=\"width: 33.3333%; text-align: center;\"><strong>PERSONES DOCENTS I EDUCADORS\/ES<\/strong><\/td>\n<td style=\"width: 33.3333%; text-align: center;\"><strong>INFANTS I JOVES<\/strong><\/td>\n<td style=\"width: 33.3333%; text-align: center;\"><strong>FAM\u00cdLIES<\/strong><\/td>\n<\/tr>\n<tr>\n<td style=\"width: 33.3333%; text-align: center;\">\n<div class=\"fusion-text fusion-text-1\">\n<p>El<a href=\"https:\/\/internetsegura.cat\/definicio-projecte\/\"><strong> programa Internet Segura<\/strong><\/a>, vinculat a l\u2019Ag\u00e8ncia de Ciberseguretat de Catalunya i alineat amb el programa de la Comissi\u00f3 Europea <strong><a href=\"https:\/\/ec.europa.eu\/digital-single-market\/en\/creating-better-internet-kids\" target=\"_blank\" rel=\"noopener noreferrer\">Estrat\u00e8gia per a una Internet millor per a nens i nenes<\/a><\/strong>, us ajuda a <strong>resoldre possibles conflictes o problemes<\/strong> que poden sorgir quan teniu menors\u00a0a c\u00e0rrec que usen Internet de manera habitual, ja siguin ordinadors, tel\u00e8fons m\u00f2bils, tauletes o videoconsoles.<\/p>\n<p>El nostre objectiu \u00e9s aconseguir que, precisament, els menors emprin les <strong>noves tecnologies<\/strong> d\u2019una manera <strong>satisfact\u00f2ria<\/strong> i <strong>segura<\/strong>. Per aix\u00f2 posem a la vostra disposici\u00f3 <strong>recomanacions i materials<\/strong> en aquesta l\u00ednia, que tamb\u00e9 trobareu als apartats de la <strong>Xarxa Telem\u00e0tica Educativa de Catalunya <a href=\"http:\/\/xtec.gencat.cat\/ca\/recursos\/tecinformacio\/internet_segura\/\" target=\"_blank\" rel=\"noopener\">Xtec<\/a><\/strong> i <strong><a href=\"http:\/\/edu365.cat\/internetsegura\/index.html\" target=\"_blank\" rel=\"noopener\">EDU365.cat<\/a><\/strong>, aix\u00ed com la possibilitat d\u2019adre\u00e7ar-nos preguntes, suggeriments o peticions de xerrades.<\/p>\n<\/div>\n<\/td>\n<td style=\"width: 33.3333%; text-align: center;\">\n<div class=\"fusion-text fusion-text-1\">\n<p>Des del <strong>programa Internet Segura<\/strong>, depenent del Centre de Seguretat de la Informaci\u00f3 de Catalunya (CESICAT), et podem ajudar a resoldre <strong>conflictes o problemes<\/strong> que et puguis trobar quan navegues per Internet amb l\u2019<strong>ordinador<\/strong> o fas servir <strong>jocs o aplicacions<\/strong> amb el teu <strong>m\u00f2bil<\/strong>, <strong>tauleta<\/strong> o <strong>videoconsola<\/strong>.<\/p>\n<p>Volem que usis les <strong>noves tecnologies<\/strong> d\u2019una manera <strong>satisfact\u00f2ria i segura<\/strong>. Per aix\u00f2 posem al teu abast tot de materials, consells i recomanacions perqu\u00e8 et converteixis en un <strong>ciutad\u00e0 digital<\/strong>.<\/p>\n<p><a href=\"https:\/\/internetsegura.cat\/pren-el-control\/\"><img loading=\"lazy\" decoding=\"async\" class=\"aligncenter wp-image-15815\" src=\"https:\/\/serveiseducatius.xtec.cat\/altmaresme\/wp-content\/uploads\/usu1140\/2022\/02\/PrenControl_700x700.png\" alt=\"\" width=\"301\" height=\"301\" srcset=\"https:\/\/serveiseducatius.xtec.cat\/altmaresme\/wp-content\/uploads\/usu1140\/2022\/02\/PrenControl_700x700.png 700w, https:\/\/serveiseducatius.xtec.cat\/altmaresme\/wp-content\/uploads\/usu1140\/2022\/02\/PrenControl_700x700-300x300.png 300w, https:\/\/serveiseducatius.xtec.cat\/altmaresme\/wp-content\/uploads\/usu1140\/2022\/02\/PrenControl_700x700-150x150.png 150w\" sizes=\"auto, (max-width: 301px) 100vw, 301px\" \/><\/a><\/p>\n<\/div>\n<\/td>\n<td style=\"width: 33.3333%; text-align: center;\">\n<div class=\"fusion-text fusion-text-1\">\n<p>El <strong>Programa Internet Segura<\/strong> que dep\u00e8n de l\u2019<a href=\"https:\/\/ciberseguretat.gencat.cat\/ca\/inici\/\" target=\"_blank\" rel=\"noopener noreferrer\">Ag\u00e8ncia de Ciberseguretat de Catalunya<\/a> s\u2019alinea amb als objectius de l\u2019<a href=\"https:\/\/ec.europa.eu\/digital-single-market\/en\/creating-better-internet-kids\" target=\"_blank\" rel=\"noopener noreferrer\">Estrat\u00e8gia per un internet millor per a nens i nenes,<\/a>\u00a0crear una Internet millor per a nens i nenes, de la Comissi\u00f3 Europea orientat a\u00a0<a href=\"https:\/\/internetsegura.cat\/joves\/\">infants i joves<\/a>.<\/p>\n<p>Des d\u2019aquest canal podem ajudar-te a resoldre possibles <strong>conflictes<\/strong> o <strong>problemes<\/strong> derivats de l\u2019\u00fas de les noves tecnologies per part dels fills i filles, ja sigui a trav\u00e9s de l\u2019ordinador, el tel\u00e8fon m\u00f2bil, les tauletes o les videoconsoles.<\/p>\n<ul>\n<li><a href=\"https:\/\/internetsegura.cat\/wp-content\/uploads\/2019\/02\/CiberMot_007_Ciberassetjament_Web.jpg\" target=\"_blank\" rel=\"noopener noreferrer\">Ciberassetjament entre iguals<\/a><\/li>\n<li><a href=\"https:\/\/internetsegura.cat\/wp-content\/uploads\/2019\/03\/CiberMot_008_Sexting_Web.jpg\" target=\"_blank\" rel=\"noopener noreferrer\"><em>Sexting<\/em><\/a> i sextorsi\u00f3<\/li>\n<li>Compartici\u00f3 de material expl\u00edcit<\/li>\n<li>Suplantaci\u00f3 de perfils de xarxes socials<\/li>\n<li><a href=\"https:\/\/internetsegura.cat\/wp-content\/uploads\/2019\/04\/CiberMot_009_Grooming_Web.jpg\" target=\"_blank\" rel=\"noopener noreferrer\"><em>Grooming<\/em><\/a><\/li>\n<li>Contingut violent, apologies delictives o pornografia a la xarxa<\/li>\n<li><em>Gambling<\/em> \u2013 joc lud\u00f2pata a la xarxa<\/li>\n<\/ul>\n<p>El nostre objectiu \u00e9s que els menors usin les noves tecnologies de la manera m\u00e9s satisfact\u00f2ria i segura possible, a trav\u00e9s d\u2019una s\u00e8rie de recomanacions, materials, jocs o xerrades a escoles i instituts.<\/p>\n<\/div>\n<\/td>\n<\/tr>\n<\/tbody>\n<\/table>\n","protected":false},"excerpt":{"rendered":"<p>El 8 de febrer se celebra el <a href=\"https:\/\/internetsegura.cat\/definicio-projecte\/dia-internet-segura\/\" target=\"_blank\" rel=\"noopener\">Dia de la Internet Segura 2022<\/a>. \u00c9s una data marcada al calendari per posar \u00e8mfasi en la necessitat de construir, entre tots, una Internet millor. Enguany, es vol adre\u00e7ar aquesta consigna als educadors, als alumnes&hellip;  <a href=\"https:\/\/serveiseducatius.xtec.cat\/altmaresme\/general\/8-de-febrer-dia-de-la-internet-segura-recursos-per-persones-docents-alumnat-i-families\/\" title=\"Read 8 de febrer. Dia de la Internet Segura. Recursos per persones docents, alumnat i fam\u00edlies.\">Llegeix m\u00e9s\u00bb<\/a><\/p>\n","protected":false},"author":1,"featured_media":15816,"comment_status":"open","ping_status":"closed","sticky":false,"template":"","format":"standard","meta":{"_bbp_topic_count":0,"_bbp_reply_count":0,"_bbp_total_topic_count":0,"_bbp_total_reply_count":0,"_bbp_voice_count":0,"_bbp_anonymous_reply_count":0,"_bbp_topic_count_hidden":0,"_bbp_reply_count_hidden":0,"_bbp_forum_subforum_count":0,"footnotes":""},"categories":[1050,1,29,1046,1045],"tags":[],"class_list":["post-15814","post","type-post","status-publish","format-standard","has-post-thumbnail","hentry","category-comunitat","category-general","category-portada","category-primaria","category-secundaria"],"post_mailing_queue_ids":[],"_links":{"self":[{"href":"https:\/\/serveiseducatius.xtec.cat\/altmaresme\/wp-json\/wp\/v2\/posts\/15814","targetHints":{"allow":["GET"]}}],"collection":[{"href":"https:\/\/serveiseducatius.xtec.cat\/altmaresme\/wp-json\/wp\/v2\/posts"}],"about":[{"href":"https:\/\/serveiseducatius.xtec.cat\/altmaresme\/wp-json\/wp\/v2\/types\/post"}],"author":[{"embeddable":true,"href":"https:\/\/serveiseducatius.xtec.cat\/altmaresme\/wp-json\/wp\/v2\/users\/1"}],"replies":[{"embeddable":true,"href":"https:\/\/serveiseducatius.xtec.cat\/altmaresme\/wp-json\/wp\/v2\/comments?post=15814"}],"version-history":[{"count":3,"href":"https:\/\/serveiseducatius.xtec.cat\/altmaresme\/wp-json\/wp\/v2\/posts\/15814\/revisions"}],"predecessor-version":[{"id":15842,"href":"https:\/\/serveiseducatius.xtec.cat\/altmaresme\/wp-json\/wp\/v2\/posts\/15814\/revisions\/15842"}],"wp:featuredmedia":[{"embeddable":true,"href":"https:\/\/serveiseducatius.xtec.cat\/altmaresme\/wp-json\/wp\/v2\/media\/15816"}],"wp:attachment":[{"href":"https:\/\/serveiseducatius.xtec.cat\/altmaresme\/wp-json\/wp\/v2\/media?parent=15814"}],"wp:term":[{"taxonomy":"category","embeddable":true,"href":"https:\/\/serveiseducatius.xtec.cat\/altmaresme\/wp-json\/wp\/v2\/categories?post=15814"},{"taxonomy":"post_tag","embeddable":true,"href":"https:\/\/serveiseducatius.xtec.cat\/altmaresme\/wp-json\/wp\/v2\/tags?post=15814"}],"curies":[{"name":"wp","href":"https:\/\/api.w.org\/{rel}","templated":true}]}}