{"id":15593,"date":"2021-12-22T11:00:41","date_gmt":"2021-12-22T10:00:41","guid":{"rendered":"https:\/\/serveiseducatius.xtec.cat\/altmaresme\/?p=15593"},"modified":"2021-12-15T11:50:00","modified_gmt":"2021-12-15T10:50:00","slug":"erasmus-2022","status":"publish","type":"post","link":"https:\/\/serveiseducatius.xtec.cat\/altmaresme\/portada\/erasmus-2022\/","title":{"rendered":"Erasmus + 2022"},"content":{"rendered":"<p><span style=\"font-weight: 400;\">Ja s\u2019ha publicat la guia 2022 Erasmus+. La podeu trobar en el seg\u00fcent\u00a0 <\/span><a href=\"http:\/\/sepie.es\/convocatoria\/convocatoria.html\"><span style=\"font-weight: 400;\">enlla\u00e7<\/span><\/a><span style=\"font-weight: 400;\">. \u00a0\u00a0 \u00a0<\/span><i class=\"fa fa-file-pdf-o pdf fa-lg\"><\/i><a href=\"http:\/\/sepie.es\/doc\/convocatoria\/2022\/2022-erasmusplus-programme-guide.pdf\">Guia del Programa en angl\u00e8s<\/a><\/p>\n<p>Termini: \u00a023 de febrer a les 12:00:00 \ud83d\udd5b<\/p>\n<p><span style=\"font-weight: 400;\">Recordeu que un projecte Erasmus+ no cal que estigui orientat a l\u2019aprenentatge de les lleng\u00fces estrangeres. Es poden demanar Erasmus+ de qualsevol tem\u00e0tica. Hi ha tres l\u00ednies principals d&#8217;activitats o accions clau (KA); a la p\u00e0gina de <a href=\"https:\/\/projectes.xtec.cat\/internacional\/erasmus\/les-accions-del-programa-erasmus\/\">projectes Internacionals us les expliquen<\/a>.<\/span><\/p>\n<p><a href=\"https:\/\/serveiseducatius.xtec.cat\/altmaresme\/wp-content\/uploads\/usu1140\/2021\/12\/ka1.png\"><img loading=\"lazy\" decoding=\"async\" class=\"alignnone size-full wp-image-15597\" src=\"https:\/\/serveiseducatius.xtec.cat\/altmaresme\/wp-content\/uploads\/usu1140\/2021\/12\/ka1.png\" alt=\"\" width=\"643\" height=\"332\" srcset=\"https:\/\/serveiseducatius.xtec.cat\/altmaresme\/wp-content\/uploads\/usu1140\/2021\/12\/ka1.png 643w, https:\/\/serveiseducatius.xtec.cat\/altmaresme\/wp-content\/uploads\/usu1140\/2021\/12\/ka1-300x155.png 300w\" sizes=\"auto, (max-width: 643px) 100vw, 643px\" \/><\/a><\/p>\n<h1 class=\"title style-scope ytd-video-primary-info-renderer\"><iframe loading=\"lazy\" title=\"YouTube video player\" src=\"\/\/www.youtube.com\/embed\/FBCm_dwyhqE\" width=\"560\" height=\"315\" frameborder=\"0\" allowfullscreen=\"allowfullscreen\"><\/iframe><\/h1>\n<p><span style=\"font-weight: 400;\">Per trobar formacions\/socis: School Education Gateway <\/span><a href=\"https:\/\/www.schooleducationgateway.eu\/es\/pub\/index.htm\"><span style=\"font-weight: 400;\">https:\/\/www.schooleducationgateway.eu\/es\/pub\/index.htm<\/span><\/a><\/p>\n<p><a href=\"https:\/\/serveiseducatius.xtec.cat\/altmaresme\/wp-content\/uploads\/usu1140\/2021\/12\/suport.jpg\"><img loading=\"lazy\" decoding=\"async\" class=\"size-full wp-image-15598 alignleft\" src=\"https:\/\/serveiseducatius.xtec.cat\/altmaresme\/wp-content\/uploads\/usu1140\/2021\/12\/suport.jpg\" alt=\"\" width=\"413\" height=\"365\" srcset=\"https:\/\/serveiseducatius.xtec.cat\/altmaresme\/wp-content\/uploads\/usu1140\/2021\/12\/suport.jpg 413w, https:\/\/serveiseducatius.xtec.cat\/altmaresme\/wp-content\/uploads\/usu1140\/2021\/12\/suport-300x265.jpg 300w\" sizes=\"auto, (max-width: 413px) 100vw, 413px\" \/><\/a><\/p>\n<p>&nbsp;<\/p>\n<p><a href=\"https:\/\/projectes.xtec.cat\/internacional\/\">Unitat de Projectes Internacionals<\/a><\/p>\n<p><strong>Servei de Lleng\u00fces Estrangeres i d&#8217;Origen\u00a0 \u00a0<\/strong><\/p>\n<p>Via Augusta 202-226, 2C\u00a0 \u00a0<strong>934 00 69 00<\/strong><\/p>\n<p>&nbsp;<\/p>\n","protected":false},"excerpt":{"rendered":"<p>Ja s\u2019ha publicat la guia 2022 Erasmus+. La podeu trobar en el seg\u00fcent\u00a0 <a href=\"http:\/\/sepie.es\/convocatoria\/convocatoria.html\">enlla\u00e7<\/a>. \u00a0\u00a0 \u00a0<a href=\"http:\/\/sepie.es\/doc\/convocatoria\/2022\/2022-erasmusplus-programme-guide.pdf\">Guia del Programa en angl\u00e8s<\/a><br \/>\nTermini: \u00a023 de febrer a les 12:00:00 \ud83d\udd5b<br \/>\nRecordeu que un projecte Erasmus+ no cal que estigui orientat a l\u2019aprenentatge de les lleng\u00fces estrangeres. Es&hellip;  <a href=\"https:\/\/serveiseducatius.xtec.cat\/altmaresme\/portada\/erasmus-2022\/\" title=\"Read Erasmus + 2022\">Llegeix m\u00e9s\u00bb<\/a><\/p>\n","protected":false},"author":137,"featured_media":15595,"comment_status":"open","ping_status":"closed","sticky":false,"template":"","format":"standard","meta":{"_bbp_topic_count":0,"_bbp_reply_count":0,"_bbp_total_topic_count":0,"_bbp_total_reply_count":0,"_bbp_voice_count":0,"_bbp_anonymous_reply_count":0,"_bbp_topic_count_hidden":0,"_bbp_reply_count_hidden":0,"_bbp_forum_subforum_count":0,"footnotes":""},"categories":[69,29,1046,1045],"tags":[],"class_list":["post-15593","post","type-post","status-publish","format-standard","has-post-thumbnail","hentry","category-plurilinguisme","category-portada","category-primaria","category-secundaria"],"post_mailing_queue_ids":[],"_links":{"self":[{"href":"https:\/\/serveiseducatius.xtec.cat\/altmaresme\/wp-json\/wp\/v2\/posts\/15593","targetHints":{"allow":["GET"]}}],"collection":[{"href":"https:\/\/serveiseducatius.xtec.cat\/altmaresme\/wp-json\/wp\/v2\/posts"}],"about":[{"href":"https:\/\/serveiseducatius.xtec.cat\/altmaresme\/wp-json\/wp\/v2\/types\/post"}],"author":[{"embeddable":true,"href":"https:\/\/serveiseducatius.xtec.cat\/altmaresme\/wp-json\/wp\/v2\/users\/137"}],"replies":[{"embeddable":true,"href":"https:\/\/serveiseducatius.xtec.cat\/altmaresme\/wp-json\/wp\/v2\/comments?post=15593"}],"version-history":[{"count":3,"href":"https:\/\/serveiseducatius.xtec.cat\/altmaresme\/wp-json\/wp\/v2\/posts\/15593\/revisions"}],"predecessor-version":[{"id":15599,"href":"https:\/\/serveiseducatius.xtec.cat\/altmaresme\/wp-json\/wp\/v2\/posts\/15593\/revisions\/15599"}],"wp:featuredmedia":[{"embeddable":true,"href":"https:\/\/serveiseducatius.xtec.cat\/altmaresme\/wp-json\/wp\/v2\/media\/15595"}],"wp:attachment":[{"href":"https:\/\/serveiseducatius.xtec.cat\/altmaresme\/wp-json\/wp\/v2\/media?parent=15593"}],"wp:term":[{"taxonomy":"category","embeddable":true,"href":"https:\/\/serveiseducatius.xtec.cat\/altmaresme\/wp-json\/wp\/v2\/categories?post=15593"},{"taxonomy":"post_tag","embeddable":true,"href":"https:\/\/serveiseducatius.xtec.cat\/altmaresme\/wp-json\/wp\/v2\/tags?post=15593"}],"curies":[{"name":"wp","href":"https:\/\/api.w.org\/{rel}","templated":true}]}}