{"id":15571,"date":"2021-12-16T12:00:00","date_gmt":"2021-12-16T11:00:00","guid":{"rendered":"https:\/\/serveiseducatius.xtec.cat\/altmaresme\/?p=15571"},"modified":"2021-12-15T10:15:00","modified_gmt":"2021-12-15T09:15:00","slug":"premis-atrapallibres-i-protagonista-jove-la-teva-classe-pot-ser-jurat-literari","status":"publish","type":"post","link":"https:\/\/serveiseducatius.xtec.cat\/altmaresme\/general\/premis-atrapallibres-i-protagonista-jove-la-teva-classe-pot-ser-jurat-literari\/","title":{"rendered":"Premis Atrapallibres i Protagonista Jove. La teva classe pot ser jurat literari!"},"content":{"rendered":"<p>Voleu que, sense sortir de l&#8217;aula, la vostra classe es converteixi en jurat d&#8217;un concurs literari? Tenim una proposta per vosaltres!<\/p>\n<p><strong>Inscripci\u00f3 oberta fins al 30 de desembre.<\/strong><\/p>\n<p>El Consell Catal\u00e0 del Llibre Infantil i Juvenil (<a href=\"https:\/\/www.clijcat.cat\/Que-es-el-Clijcat\">ClijCAT<\/a>) \u00e9s una federaci\u00f3 d&#8217;organismes, sense cap finalitat lucrativa ni especulativa, constitu\u00efda el 5 de maig de 1982 per promoure i difondre el llibre infantil i juvenil i la lectura en catal\u00e0.<\/p>\n<p>Com cada any, organitzen els premis <strong>Atrapallibres<\/strong> i <strong>Protagonista Jove<\/strong>. L&#8217;activitat dura fins al 15 de maig de 2022.<\/p>\n<h4>Els Premis <a href=\"https:\/\/www.clijcat.cat\/Atrapallibres-Inscripcio-i-Bases\">Atrapallibres<\/a> i <a href=\"https:\/\/www.clijcat.cat\/Protagonista-Jove-Inscripcio-i-Bases\">Protagonista Jove<\/a>. Edici\u00f3 2021\/2022.<\/h4>\n<hr \/>\n<h5>Qu\u00e8 s\u00f3n?<\/h5>\n<p>Una activitat de foment de la lectura que convida als infants de 9 a 12 anys i joves de 13 a 16 anys a esdevenir jurat d\u2019uns premis de literatura infantil i juvenil.<\/p>\n<p>Aquests s\u00f3n els \u00fanics premis d\u2019aquesta naturalesa casa nostra, compten amb el jurat de joves lectors m\u00e9s nombr\u00f3s de l\u2019Estat (gaireb\u00e9 11.000) i estan convocats pel Consell Catal\u00e0 del Llibre Infantil i Juvenil.<\/p>\n<hr \/>\n<h5>Quins objectius persegueixen?<\/h5>\n<ul>\n<li style=\"list-style-type: none;\">\n<ul>\n<li>Promoure la lectura, en llengua catalana, actual i de qualitat, entre el nombre m\u00e9s gran possible d\u2019infants i joves.<\/li>\n<\/ul>\n<\/li>\n<\/ul>\n<ul>\n<li style=\"list-style-type: none;\">\n<ul>\n<li>Oferir-los una experi\u00e8ncia lectora motivadora que els dona l\u2019opci\u00f3 de convertir-se en Jurat d\u2019un premi i que va m\u00e9s enll\u00e0 del seu centre escolar, llibreria o biblioteca.<\/li>\n<\/ul>\n<\/li>\n<\/ul>\n<ul>\n<li style=\"list-style-type: none;\">\n<ul>\n<li>Donar valor i veu a l\u2019opini\u00f3 dels infants i joves com a lectors.<\/li>\n<\/ul>\n<\/li>\n<\/ul>\n<ul>\n<li style=\"list-style-type: none;\">\n<ul>\n<li>Contribuir a la seva formaci\u00f3 liter\u00e0ria a partir d\u2019una lectura anal\u00edtica, cr\u00edtica i reflexiva i la pr\u00e0ctica de la conversa liter\u00e0ria.<\/li>\n<\/ul>\n<\/li>\n<\/ul>\n<hr \/>\n<h5>A qui s\u2019adrecen?<\/h5>\n<p>El premi Atrapallibres s\u2019adre\u00e7a a infants de 9 a 12 anys, dividits en les tres categories seg\u00fcents:<\/p>\n<ul>\n<li>9 anys<\/li>\n<li>10 anys<\/li>\n<li>11-12 anys<\/li>\n<\/ul>\n<p>El premi Protagonista Jove s\u2019adre\u00e7a a adolescents de 13 a 16 anys, dividits en dues categories:<\/p>\n<ul>\n<li>13-14 anys<\/li>\n<li>15-16 anys<\/li>\n<\/ul>\n<p>Encara que s\u2019estableixin unes categories sobre la base d\u2019unes edats concretes es permet escollir la categoria o les categories en les quals es vol participar tenint en compte el nivell lector o l\u2019inter\u00e8s que suscitin les lectures finalistes, encara que no siguin les que pertocarien per franja d\u2019edat.<\/p>\n<p>En el cas de l\u2019Atrapallibres la participaci\u00f3 dels infants es vehicula sempre a trav\u00e9s d\u2019una entitat que \u00e9s qui s\u2019inscriu i s\u2019encarrega de difondre i organitzar l\u2019activitat.<\/p>\n<p>Les entitats que es poden inscriure poden ser de naturalesa diversa: centres educatius, una AFA, biblioteques, llibreries, casals d\u2019infants i joves, centres c\u00edvics o culturals, centres oberts&#8230;<\/p>\n<p>En el cas del Protagonista Jove a m\u00e9s a m\u00e9s de la inscripci\u00f3 per a entitats enguany, i per primera vegada, s\u2019oferir\u00e0 als joves l\u2019oportunitat d\u2019inscriure\u2019s directament i de forma individual.<\/p>\n<hr \/>\n<h5>Qu\u00e8 us proposem?<\/h5>\n<p>Que els centres educatius, les biblioteques, les llibreries i espais d\u2019atenci\u00f3 a la inf\u00e0ncia i l\u2019adolesc\u00e8ncia s\u2019inscriguin i animin als infants i joves a formar part del jurat.<\/p>\n<p>Els infants i joves, amb la mediaci\u00f3 dels seus referents, tindran tot un curs per llegir les tres obres finalistes de la seva categoria i discutir-les amb el grup de companys i companyes del seu centre.<\/p>\n<p>Al llarg d\u2019aquest per\u00edode podran tamb\u00e9 participar en accions de dinamitzaci\u00f3 dels premis ideades per l\u2019espai o centre des del qual participen o per la mateixa organitzaci\u00f3 dels premis.<\/p>\n<p>A principis de maig, un cop llegides les lectures i finalitzades les discussions, cada participant donar\u00e0 una puntuaci\u00f3 a cadascuna de les tres obres finalistes: tres punts a la que considerin millor, dos punts a la segona opci\u00f3 i un punt a la tercera.<\/p>\n<h4 style=\"text-align: center;\"><a href=\"https:\/\/www.clijcat.cat\/Atrapallibres\/Inscripcio-i-Bases\">BASES I INSCRIPCI\u00d3<\/a><\/h4>\n<table style=\"border-collapse: collapse; width: 100%;\">\n<tbody>\n<tr>\n<td style=\"width: 50%; text-align: center;\" colspan=\"2\">\n<h5><strong>LLIBRES ESCOLLITS PER L&#8217;EDICI\u00d3 D&#8217;ENGUANY.<\/strong><\/h5>\n<\/td>\n<\/tr>\n<tr>\n<td style=\"width: 50%;\"><a href=\"https:\/\/serveiseducatius.xtec.cat\/altmaresme\/wp-content\/uploads\/usu1140\/2021\/12\/ATRAPALLIBRES.png\"><img loading=\"lazy\" decoding=\"async\" class=\"aligncenter size-full wp-image-15584\" src=\"https:\/\/serveiseducatius.xtec.cat\/altmaresme\/wp-content\/uploads\/usu1140\/2021\/12\/ATRAPALLIBRES.png\" alt=\"\" width=\"614\" height=\"853\" srcset=\"https:\/\/serveiseducatius.xtec.cat\/altmaresme\/wp-content\/uploads\/usu1140\/2021\/12\/ATRAPALLIBRES.png 614w, https:\/\/serveiseducatius.xtec.cat\/altmaresme\/wp-content\/uploads\/usu1140\/2021\/12\/ATRAPALLIBRES-216x300.png 216w\" sizes=\"auto, (max-width: 614px) 100vw, 614px\" \/><\/a><\/td>\n<td style=\"width: 50%;\"><a href=\"https:\/\/serveiseducatius.xtec.cat\/altmaresme\/wp-content\/uploads\/usu1140\/2021\/12\/PROTAGONISTAJOVE.png\"><img loading=\"lazy\" decoding=\"async\" class=\"aligncenter size-full wp-image-15585\" src=\"https:\/\/serveiseducatius.xtec.cat\/altmaresme\/wp-content\/uploads\/usu1140\/2021\/12\/PROTAGONISTAJOVE.png\" alt=\"\" width=\"613\" height=\"853\" srcset=\"https:\/\/serveiseducatius.xtec.cat\/altmaresme\/wp-content\/uploads\/usu1140\/2021\/12\/PROTAGONISTAJOVE.png 613w, https:\/\/serveiseducatius.xtec.cat\/altmaresme\/wp-content\/uploads\/usu1140\/2021\/12\/PROTAGONISTAJOVE-216x300.png 216w\" sizes=\"auto, (max-width: 613px) 100vw, 613px\" \/><\/a><\/td>\n<\/tr>\n<\/tbody>\n<\/table>\n<p>&nbsp;<\/p>\n<h4>A la p\u00e0gina web de Clijcat hi podreu trobar les <a href=\"https:\/\/drive.google.com\/drive\/u\/0\/folders\/1EE_B33XIpPSqZDue9AoVgTuaXvmUmtKj\">guies de lectura<\/a> dels llibres presentats als premis, not\u00edcies, cat\u00e0legs de llibres ordenats per temes (<a href=\"https:\/\/www.clijcat.cat\/Catalegs-Monografics\">monogr\u00e0fics<\/a>), <a href=\"https:\/\/www.clijcat.cat\/consell\/descarregues\/noticies\/ibbycat_municipilector_hivern_21def.pdf\">recomanacions de temporada<\/a>&#8230; us recomanem que hi feu un cop d&#8217;ull!<\/h4>\n","protected":false},"excerpt":{"rendered":"<p>Voleu que, sense sortir de l&#8217;aula, la vostra classe es converteixi en jurat d&#8217;un concurs literari? Tenim una proposta per vosaltres!<br \/>\nInscripci\u00f3 oberta fins al 30 de desembre.<br \/>\nEl Consell Catal\u00e0 del Llibre Infantil i Juvenil (<a href=\"https:\/\/www.clijcat.cat\/Que-es-el-Clijcat\">ClijCAT<\/a>) \u00e9s una federaci\u00f3 d&#8217;organismes, sense cap finalitat lucrativa ni&hellip;  <a href=\"https:\/\/serveiseducatius.xtec.cat\/altmaresme\/general\/premis-atrapallibres-i-protagonista-jove-la-teva-classe-pot-ser-jurat-literari\/\" title=\"Read Premis Atrapallibres i Protagonista Jove. La teva classe pot ser jurat literari!\">Llegeix m\u00e9s\u00bb<\/a><\/p>\n","protected":false},"author":1,"featured_media":15586,"comment_status":"open","ping_status":"closed","sticky":false,"template":"","format":"standard","meta":{"_bbp_topic_count":0,"_bbp_reply_count":0,"_bbp_total_topic_count":0,"_bbp_total_reply_count":0,"_bbp_voice_count":0,"_bbp_anonymous_reply_count":0,"_bbp_topic_count_hidden":0,"_bbp_reply_count_hidden":0,"_bbp_forum_subforum_count":0,"footnotes":""},"categories":[1064,1062,1,29,1046,1045],"tags":[],"class_list":["post-15571","post","type-post","status-publish","format-standard","has-post-thumbnail","hentry","category-catala","category-dinamitzacio","category-general","category-portada","category-primaria","category-secundaria"],"post_mailing_queue_ids":[],"_links":{"self":[{"href":"https:\/\/serveiseducatius.xtec.cat\/altmaresme\/wp-json\/wp\/v2\/posts\/15571","targetHints":{"allow":["GET"]}}],"collection":[{"href":"https:\/\/serveiseducatius.xtec.cat\/altmaresme\/wp-json\/wp\/v2\/posts"}],"about":[{"href":"https:\/\/serveiseducatius.xtec.cat\/altmaresme\/wp-json\/wp\/v2\/types\/post"}],"author":[{"embeddable":true,"href":"https:\/\/serveiseducatius.xtec.cat\/altmaresme\/wp-json\/wp\/v2\/users\/1"}],"replies":[{"embeddable":true,"href":"https:\/\/serveiseducatius.xtec.cat\/altmaresme\/wp-json\/wp\/v2\/comments?post=15571"}],"version-history":[{"count":1,"href":"https:\/\/serveiseducatius.xtec.cat\/altmaresme\/wp-json\/wp\/v2\/posts\/15571\/revisions"}],"predecessor-version":[{"id":15587,"href":"https:\/\/serveiseducatius.xtec.cat\/altmaresme\/wp-json\/wp\/v2\/posts\/15571\/revisions\/15587"}],"wp:featuredmedia":[{"embeddable":true,"href":"https:\/\/serveiseducatius.xtec.cat\/altmaresme\/wp-json\/wp\/v2\/media\/15586"}],"wp:attachment":[{"href":"https:\/\/serveiseducatius.xtec.cat\/altmaresme\/wp-json\/wp\/v2\/media?parent=15571"}],"wp:term":[{"taxonomy":"category","embeddable":true,"href":"https:\/\/serveiseducatius.xtec.cat\/altmaresme\/wp-json\/wp\/v2\/categories?post=15571"},{"taxonomy":"post_tag","embeddable":true,"href":"https:\/\/serveiseducatius.xtec.cat\/altmaresme\/wp-json\/wp\/v2\/tags?post=15571"}],"curies":[{"name":"wp","href":"https:\/\/api.w.org\/{rel}","templated":true}]}}