{"id":15090,"date":"2021-11-22T15:00:06","date_gmt":"2021-11-22T14:00:06","guid":{"rendered":"https:\/\/serveiseducatius.xtec.cat\/altmaresme\/?p=15090"},"modified":"2021-11-19T11:56:28","modified_gmt":"2021-11-19T10:56:28","slug":"visita-lliure-a-bebes-animals-una-exposicio-per-a-infants","status":"publish","type":"post","link":"https:\/\/serveiseducatius.xtec.cat\/altmaresme\/general\/visita-lliure-a-bebes-animals-una-exposicio-per-a-infants\/","title":{"rendered":"Visita lliure a Beb\u00e8s Animals. Una exposici\u00f3 per a infants."},"content":{"rendered":"<p>El Museu de Ci\u00e8ncies Naturals de Barcelona \u2013 Parc del F\u00f2rum presenta una nova exposici\u00f3 temporal. Es tracta de \u2018<a href=\"https:\/\/edunat.museuciencies.cat\/activitat\/visita-lliure-a-bebes-animals\/\"><strong>Beb\u00e8s animals<\/strong><\/a>\u2018, una exposici\u00f3 destinada a infants de 3 a 8 anys, on les cries dels animals s\u00f3n les protagonistes. L\u2019objectiu de la mostra \u00e9s iniciar els m\u00e9s petits en nocions senzilles de la biologia i el comportament animal, tot comparant-s\u2019hi per prendre consci\u00e8ncia del seu propi desenvolupament.<\/p>\n<p><a href=\"https:\/\/serveiseducatius.xtec.cat\/altmaresme\/wp-content\/uploads\/usu1140\/2021\/11\/bebesanimals-1.png\"><img loading=\"lazy\" decoding=\"async\" class=\"alignnone wp-image-15101 size-large\" src=\"https:\/\/serveiseducatius.xtec.cat\/altmaresme\/wp-content\/uploads\/usu1140\/2021\/11\/bebesanimals-1-1024x246.png\" alt=\"\" width=\"1024\" height=\"246\" srcset=\"https:\/\/serveiseducatius.xtec.cat\/altmaresme\/wp-content\/uploads\/usu1140\/2021\/11\/bebesanimals-1-1024x246.png 1024w, https:\/\/serveiseducatius.xtec.cat\/altmaresme\/wp-content\/uploads\/usu1140\/2021\/11\/bebesanimals-1-300x72.png 300w, https:\/\/serveiseducatius.xtec.cat\/altmaresme\/wp-content\/uploads\/usu1140\/2021\/11\/bebesanimals-1-768x184.png 768w, https:\/\/serveiseducatius.xtec.cat\/altmaresme\/wp-content\/uploads\/usu1140\/2021\/11\/bebesanimals-1.png 1417w\" sizes=\"auto, (max-width: 1024px) 100vw, 1024px\" \/><\/a><\/p>\n<p>El recorregut est\u00e0 dividit en sis etapes:<\/p>\n<ul>\n<li>Naixement<\/li>\n<li>Amena\u00e7a i protecci\u00f3<\/li>\n<li>Aprenentatge<\/li>\n<li>Funcions vitals<\/li>\n<li>Desenvolupament i Autonomia<\/li>\n<\/ul>\n<p>Qui surt de l\u2019ou i qui del ventre? Com es protegeixen per no ser menjats? Com aprenen i quan esdevenen aut\u00f2noms? A partir d\u2019aquest i altres preguntes, els infants es submergiran en el fascinant m\u00f3n dels beb\u00e8s animals, des que neixen fins que s\u2019independitzen. Esp\u00e8cimens naturalitzats com zebres, lleons, \u00e0necs i ping\u00fcins, audiovisuals i diferents propostes educatives per aprendre jugant. Un espai creat a la mida d\u2019infant, on tot est\u00e0 a la seva al\u00e7ada perqu\u00e8 no es perdin cap detall.<\/p>\n<figure class=\"figure wp-caption alignright\"><a href=\"https:\/\/serveiseducatius.xtec.cat\/altmaresme\/wp-content\/uploads\/usu1140\/2021\/11\/BebesAnimalsJacques_sierpinsk_10.jpg\"><img loading=\"lazy\" decoding=\"async\" class=\" wp-image-15092\" src=\"https:\/\/serveiseducatius.xtec.cat\/altmaresme\/wp-content\/uploads\/usu1140\/2021\/11\/BebesAnimalsJacques_sierpinsk_10-1024x651.jpg\" alt=\"\" width=\"533\" height=\"339\" srcset=\"https:\/\/serveiseducatius.xtec.cat\/altmaresme\/wp-content\/uploads\/usu1140\/2021\/11\/BebesAnimalsJacques_sierpinsk_10-1024x651.jpg 1024w, https:\/\/serveiseducatius.xtec.cat\/altmaresme\/wp-content\/uploads\/usu1140\/2021\/11\/BebesAnimalsJacques_sierpinsk_10-300x191.jpg 300w, https:\/\/serveiseducatius.xtec.cat\/altmaresme\/wp-content\/uploads\/usu1140\/2021\/11\/BebesAnimalsJacques_sierpinsk_10-768x488.jpg 768w, https:\/\/serveiseducatius.xtec.cat\/altmaresme\/wp-content\/uploads\/usu1140\/2021\/11\/BebesAnimalsJacques_sierpinsk_10.jpg 1373w\" sizes=\"auto, (max-width: 533px) 100vw, 533px\" \/><\/a><figcaption class=\"wp-caption-text\">France, Haute-Garonne (31), Toulouse, Mus\u00e9um d&#8217;histoire naturelle, exposition B\u00e9b\u00e9 animaux<\/figcaption><\/figure>\n<p><strong>Dates de l&#8217;activitat<\/strong>:<br \/>\nFins el 8 de maig de 2022<\/p>\n<p><strong>Horari<\/strong>:<br \/>\nEn horari d&#8217;obertura del Museu<\/p>\n<p><strong>Durada<\/strong>:<br \/>\nM\u00e0xim una hora<\/p>\n<p><strong>Places limitades<\/strong>:<br \/>\nGrup classe<\/p>\n<p><strong>Preu<\/strong>:<br \/>\nGratu\u00efta<\/p>\n","protected":false},"excerpt":{"rendered":"<p>El Museu de Ci\u00e8ncies Naturals de Barcelona \u2013 Parc del F\u00f2rum presenta una nova exposici\u00f3 temporal. Es tracta de \u2018<a href=\"https:\/\/edunat.museuciencies.cat\/activitat\/visita-lliure-a-bebes-animals\/\">Beb\u00e8s animals<\/a>\u2018, una exposici\u00f3 destinada a infants de 3 a 8 anys, on les cries dels animals s\u00f3n les protagonistes. L\u2019objectiu de la mostra \u00e9s&hellip;  <a href=\"https:\/\/serveiseducatius.xtec.cat\/altmaresme\/general\/visita-lliure-a-bebes-animals-una-exposicio-per-a-infants\/\" title=\"Read Visita lliure a Beb\u00e8s Animals. Una exposici\u00f3 per a infants.\">Llegeix m\u00e9s\u00bb<\/a><\/p>\n","protected":false},"author":1,"featured_media":15089,"comment_status":"open","ping_status":"closed","sticky":false,"template":"","format":"standard","meta":{"_bbp_topic_count":0,"_bbp_reply_count":0,"_bbp_total_topic_count":0,"_bbp_total_reply_count":0,"_bbp_voice_count":0,"_bbp_anonymous_reply_count":0,"_bbp_topic_count_hidden":0,"_bbp_reply_count_hidden":0,"_bbp_forum_subforum_count":0,"footnotes":""},"categories":[1063,1057,1062,1,29,1046],"tags":[],"class_list":["post-15090","post","type-post","status-publish","format-standard","has-post-thumbnail","hentry","category-premis-i-concursos","category-medi","category-dinamitzacio","category-general","category-portada","category-primaria"],"post_mailing_queue_ids":[],"_links":{"self":[{"href":"https:\/\/serveiseducatius.xtec.cat\/altmaresme\/wp-json\/wp\/v2\/posts\/15090","targetHints":{"allow":["GET"]}}],"collection":[{"href":"https:\/\/serveiseducatius.xtec.cat\/altmaresme\/wp-json\/wp\/v2\/posts"}],"about":[{"href":"https:\/\/serveiseducatius.xtec.cat\/altmaresme\/wp-json\/wp\/v2\/types\/post"}],"author":[{"embeddable":true,"href":"https:\/\/serveiseducatius.xtec.cat\/altmaresme\/wp-json\/wp\/v2\/users\/1"}],"replies":[{"embeddable":true,"href":"https:\/\/serveiseducatius.xtec.cat\/altmaresme\/wp-json\/wp\/v2\/comments?post=15090"}],"version-history":[{"count":3,"href":"https:\/\/serveiseducatius.xtec.cat\/altmaresme\/wp-json\/wp\/v2\/posts\/15090\/revisions"}],"predecessor-version":[{"id":15102,"href":"https:\/\/serveiseducatius.xtec.cat\/altmaresme\/wp-json\/wp\/v2\/posts\/15090\/revisions\/15102"}],"wp:featuredmedia":[{"embeddable":true,"href":"https:\/\/serveiseducatius.xtec.cat\/altmaresme\/wp-json\/wp\/v2\/media\/15089"}],"wp:attachment":[{"href":"https:\/\/serveiseducatius.xtec.cat\/altmaresme\/wp-json\/wp\/v2\/media?parent=15090"}],"wp:term":[{"taxonomy":"category","embeddable":true,"href":"https:\/\/serveiseducatius.xtec.cat\/altmaresme\/wp-json\/wp\/v2\/categories?post=15090"},{"taxonomy":"post_tag","embeddable":true,"href":"https:\/\/serveiseducatius.xtec.cat\/altmaresme\/wp-json\/wp\/v2\/tags?post=15090"}],"curies":[{"name":"wp","href":"https:\/\/api.w.org\/{rel}","templated":true}]}}