{"id":14970,"date":"2021-11-05T10:00:52","date_gmt":"2021-11-05T09:00:52","guid":{"rendered":"https:\/\/serveiseducatius.xtec.cat\/altmaresme\/?p=14970"},"modified":"2021-11-05T10:32:55","modified_gmt":"2021-11-05T09:32:55","slug":"lorientacio-a-secundaria-un-repte-present-i-futur","status":"publish","type":"post","link":"https:\/\/serveiseducatius.xtec.cat\/altmaresme\/general\/lorientacio-a-secundaria-un-repte-present-i-futur\/","title":{"rendered":"L\u00b4orientaci\u00f3 a secund\u00e0ria: Un repte present i futur."},"content":{"rendered":"<div>\n<p>L&#8217;Equip ICE d&#8217;Orientaci\u00f3 Educativa a Secund\u00e0ria us proposa reflexionar entorn a l&#8217;orientaci\u00f3 educativa entesa com un proc\u00e9s al llarg de l&#8217;educaci\u00f3 obligat\u00f2ria i postobligat\u00f2ria. Des d&#8217;aquesta jornada es vol donar a con\u00e8ixer pr\u00e0ctiques inspiradores que s&#8217;estan duent al nostre territori.<\/p>\n<p>Adre\u00e7at\u00a0a: Orientadors i orientadores, tutors i tutores de secund\u00e0ria i postobligatoris i docents interessats.<a href=\"https:\/\/serveiseducatius.xtec.cat\/altmaresme\/wp-content\/uploads\/usu1140\/2021\/11\/orientaciosecundaria.png\"><img loading=\"lazy\" decoding=\"async\" class=\"size-full wp-image-14971 alignright\" src=\"https:\/\/serveiseducatius.xtec.cat\/altmaresme\/wp-content\/uploads\/usu1140\/2021\/11\/orientaciosecundaria.png\" alt=\"\" width=\"476\" height=\"238\" srcset=\"https:\/\/serveiseducatius.xtec.cat\/altmaresme\/wp-content\/uploads\/usu1140\/2021\/11\/orientaciosecundaria.png 476w, https:\/\/serveiseducatius.xtec.cat\/altmaresme\/wp-content\/uploads\/usu1140\/2021\/11\/orientaciosecundaria-300x150.png 300w\" sizes=\"auto, (max-width: 476px) 100vw, 476px\" \/><\/a><\/p>\n<p><b>HORARI I CONTINGUTS:<\/b><\/p>\n<p>17:30h. Benvinguda\u00a0i presentaci\u00f3 de la jornada.<\/p>\n<p>17:45h. &#8220;<b>Una opci\u00f3 radical de l&#8217;orientaci\u00f3 per donar oportunitats a tothom<\/b>&#8220;, a c\u00e0rrec\u00a0del Sr. <b>M\u00e0rius Mart\u00ednez<\/b>, professor de la UAB.<\/p>\n<p>18:45h. <b>Experi\u00e8ncies inspiradores d&#8217;orientaci\u00f3 educativa\u00a0<\/b>de diferents centres:<\/p>\n<p>-INS Joan Or\u00f3 de Lleida, &#8220;<b>Projecte Alimora Plus<\/b>&#8220;, a c\u00e0rrec de la Sra. <b>Aroa Roncero<\/b>.<\/p>\n<p>-INS Manuel de Montsuar de Lleida, &#8220;<b>Coneix-te, viu i llen\u00e7at<\/b>&#8220;, a c\u00e0rrec de la Sra. <b>Roser Galiano<\/b>.<\/p>\n<p>-INS l&#8217;Olivera de\u00a0la Granadella, &#8220;<b>Acollim i creixem<\/b>&#8220;, a c\u00e0rrec de la Sra. <b>Pilar Ichart.\u00a0<\/b><\/p>\n<p>19:15h. Torn obert de preguntes.<\/p>\n<p>19.45h. Cloenda.<\/p>\n<p><b>DADES D&#8217;AGENDA I INSCRIPCI\u00d3:<\/b><\/p>\n<p>Dijous, 25 de novembre de 2021, de 17:30 a 19:30.<\/p>\n<p>Format telem\u00e0tic.<\/p>\n<p>Inscripci\u00f3 a:\u00a0<a href=\"https:\/\/ja.cat\/OB5Ea\" target=\"_blank\" rel=\"noopener\"><b>https:\/\/ja.cat\/OB5Ea<\/b><\/a><\/p>\n<p>Enlla\u00e7 videotrucada:\u00a0<a href=\"https:\/\/meet.google.com\/yjf-mydy-jsy\" target=\"_blank\" rel=\"noopener\"><b>https:\/\/meet.google.com\/yjf-mydy-jsy<\/b><\/a><\/p>\n<\/div>\n","protected":false},"excerpt":{"rendered":"<p>L&#8217;Equip ICE d&#8217;Orientaci\u00f3 Educativa a Secund\u00e0ria us proposa reflexionar entorn a l&#8217;orientaci\u00f3 educativa entesa com un proc\u00e9s al llarg de l&#8217;educaci\u00f3 obligat\u00f2ria i postobligat\u00f2ria. Des d&#8217;aquesta jornada es vol donar a con\u00e8ixer pr\u00e0ctiques inspiradores que s&#8217;estan duent al nostre territori.<br \/>\nAdre\u00e7at\u00a0a: Orientadors i orientadores, tutors i&hellip;  <a href=\"https:\/\/serveiseducatius.xtec.cat\/altmaresme\/general\/lorientacio-a-secundaria-un-repte-present-i-futur\/\" title=\"Read L\u00b4orientaci\u00f3 a secund\u00e0ria: Un repte present i futur.\">Llegeix m\u00e9s\u00bb<\/a><\/p>\n","protected":false},"author":1,"featured_media":14971,"comment_status":"open","ping_status":"closed","sticky":false,"template":"","format":"standard","meta":{"_bbp_topic_count":0,"_bbp_reply_count":0,"_bbp_total_topic_count":0,"_bbp_total_reply_count":0,"_bbp_voice_count":0,"_bbp_anonymous_reply_count":0,"_bbp_topic_count_hidden":0,"_bbp_reply_count_hidden":0,"_bbp_forum_subforum_count":0,"footnotes":""},"categories":[1,666,29,1046,1045],"tags":[],"class_list":["post-14970","post","type-post","status-publish","format-standard","has-post-thumbnail","hentry","category-general","category-orientacio","category-portada","category-primaria","category-secundaria"],"post_mailing_queue_ids":[],"_links":{"self":[{"href":"https:\/\/serveiseducatius.xtec.cat\/altmaresme\/wp-json\/wp\/v2\/posts\/14970","targetHints":{"allow":["GET"]}}],"collection":[{"href":"https:\/\/serveiseducatius.xtec.cat\/altmaresme\/wp-json\/wp\/v2\/posts"}],"about":[{"href":"https:\/\/serveiseducatius.xtec.cat\/altmaresme\/wp-json\/wp\/v2\/types\/post"}],"author":[{"embeddable":true,"href":"https:\/\/serveiseducatius.xtec.cat\/altmaresme\/wp-json\/wp\/v2\/users\/1"}],"replies":[{"embeddable":true,"href":"https:\/\/serveiseducatius.xtec.cat\/altmaresme\/wp-json\/wp\/v2\/comments?post=14970"}],"version-history":[{"count":1,"href":"https:\/\/serveiseducatius.xtec.cat\/altmaresme\/wp-json\/wp\/v2\/posts\/14970\/revisions"}],"predecessor-version":[{"id":14972,"href":"https:\/\/serveiseducatius.xtec.cat\/altmaresme\/wp-json\/wp\/v2\/posts\/14970\/revisions\/14972"}],"wp:featuredmedia":[{"embeddable":true,"href":"https:\/\/serveiseducatius.xtec.cat\/altmaresme\/wp-json\/wp\/v2\/media\/14971"}],"wp:attachment":[{"href":"https:\/\/serveiseducatius.xtec.cat\/altmaresme\/wp-json\/wp\/v2\/media?parent=14970"}],"wp:term":[{"taxonomy":"category","embeddable":true,"href":"https:\/\/serveiseducatius.xtec.cat\/altmaresme\/wp-json\/wp\/v2\/categories?post=14970"},{"taxonomy":"post_tag","embeddable":true,"href":"https:\/\/serveiseducatius.xtec.cat\/altmaresme\/wp-json\/wp\/v2\/tags?post=14970"}],"curies":[{"name":"wp","href":"https:\/\/api.w.org\/{rel}","templated":true}]}}