{"id":14960,"date":"2021-11-04T10:00:38","date_gmt":"2021-11-04T09:00:38","guid":{"rendered":"https:\/\/serveiseducatius.xtec.cat\/altmaresme\/?p=14960"},"modified":"2021-11-03T10:48:21","modified_gmt":"2021-11-03T09:48:21","slug":"museu-de-matematiques-de-catalunya-reserves-2n-trimestre","status":"publish","type":"post","link":"https:\/\/serveiseducatius.xtec.cat\/altmaresme\/general\/museu-de-matematiques-de-catalunya-reserves-2n-trimestre\/","title":{"rendered":"Museu de Matem\u00e0tiques de Catalunya. Reserves 2n trimestre."},"content":{"rendered":"<h3 style=\"text-align: center;\"><a href=\"https:\/\/serveiseducatius.xtec.cat\/altmaresme\/wp-content\/uploads\/usu1140\/2021\/11\/logo_mmaca.png\"><img loading=\"lazy\" decoding=\"async\" class=\"size-full wp-image-14961 aligncenter\" src=\"https:\/\/serveiseducatius.xtec.cat\/altmaresme\/wp-content\/uploads\/usu1140\/2021\/11\/logo_mmaca.png\" alt=\"\" width=\"807\" height=\"273\" srcset=\"https:\/\/serveiseducatius.xtec.cat\/altmaresme\/wp-content\/uploads\/usu1140\/2021\/11\/logo_mmaca.png 807w, https:\/\/serveiseducatius.xtec.cat\/altmaresme\/wp-content\/uploads\/usu1140\/2021\/11\/logo_mmaca-300x101.png 300w, https:\/\/serveiseducatius.xtec.cat\/altmaresme\/wp-content\/uploads\/usu1140\/2021\/11\/logo_mmaca-768x260.png 768w\" sizes=\"auto, (max-width: 807px) 100vw, 807px\" \/><\/a>Reserves 2n trimestre curs 2021-2022<\/h3>\n<p>&nbsp;<\/p>\n<p>L&#8217;obertura de les reserves pel segon trimestre del curs 2021-2022 es far\u00e0 de forma general el proper<strong> dijous 11 de novembre a les 11h.<\/strong><\/p>\n<p>Podreu veure el detall de les activitats que oferim i accedir al sistema de reserves a: <a href=\"https:\/\/mmaca.us13.list-manage.com\/track\/click?u=57c5cbbfccdeedb03f03fbf04&amp;id=8f0ab4449c&amp;e=90aa4855a8\" target=\"_blank\" rel=\"noopener\" data-saferedirecturl=\"https:\/\/www.google.com\/url?q=https:\/\/mmaca.us13.list-manage.com\/track\/click?u%3D57c5cbbfccdeedb03f03fbf04%26id%3D8f0ab4449c%26e%3D90aa4855a8&amp;source=gmail&amp;ust=1636009539684000&amp;usg=AFQjCNE2b26DEkITO37M2sx9b7iG8CPzAg\">https:\/\/mmaca.cat\/visitans\/<wbr \/>grups-escolars\/<\/a><\/p>\n<p>La previsi\u00f3 d&#8217;obertura de reserves per al tercer trimestre del curs \u00e9s al gener de 2022. Us avisarem uns dies abans.<\/p>\n<p><strong>Si us plau, mireu-vos el v\u00eddeo que adjuntem abans de fer la vostra reserva<\/strong>. S\u00f3n 3 minuts i evitar\u00e0 molts errors en el procediment. Us recordem que si no reserveu la visita a l&#8217;exposici\u00f3, no podreu entrar a les sales del museu.<\/p>\n<p><iframe loading=\"lazy\" title=\"YouTube video player\" src=\"\/\/www.youtube.com\/embed\/42EYhGL5mWQ\" width=\"560\" height=\"315\" frameborder=\"0\" allowfullscreen=\"allowfullscreen\"><\/iframe><\/p>\n","protected":false},"excerpt":{"rendered":"<p><a href=\"https:\/\/serveiseducatius.xtec.cat\/altmaresme\/wp-content\/uploads\/usu1140\/2021\/11\/logo_mmaca.png\"><\/a>Reserves 2n trimestre curs 2021-2022<br \/>\n&nbsp;<br \/>\nL&#8217;obertura de les reserves pel segon trimestre del curs 2021-2022 es far\u00e0 de forma general el proper dijous 11 de novembre a les 11h.<br \/>\nPodreu veure el detall de les activitats que oferim i accedir al sistema de reserves a: <a&hellip;  <a href=\"https:\/\/serveiseducatius.xtec.cat\/altmaresme\/general\/museu-de-matematiques-de-catalunya-reserves-2n-trimestre\/\" title=\"Read Museu de Matem\u00e0tiques de Catalunya. Reserves 2n trimestre.\">Llegeix m\u00e9s\u00bb<\/a><\/p>\n","protected":false},"author":1,"featured_media":14962,"comment_status":"open","ping_status":"closed","sticky":false,"template":"","format":"standard","meta":{"_bbp_topic_count":0,"_bbp_reply_count":0,"_bbp_total_topic_count":0,"_bbp_total_reply_count":0,"_bbp_voice_count":0,"_bbp_anonymous_reply_count":0,"_bbp_topic_count_hidden":0,"_bbp_reply_count_hidden":0,"_bbp_forum_subforum_count":0,"footnotes":""},"categories":[283,1,29,1046,1045],"tags":[],"class_list":["post-14960","post","type-post","status-publish","format-standard","has-post-thumbnail","hentry","category-matematiques","category-general","category-portada","category-primaria","category-secundaria"],"post_mailing_queue_ids":[],"_links":{"self":[{"href":"https:\/\/serveiseducatius.xtec.cat\/altmaresme\/wp-json\/wp\/v2\/posts\/14960","targetHints":{"allow":["GET"]}}],"collection":[{"href":"https:\/\/serveiseducatius.xtec.cat\/altmaresme\/wp-json\/wp\/v2\/posts"}],"about":[{"href":"https:\/\/serveiseducatius.xtec.cat\/altmaresme\/wp-json\/wp\/v2\/types\/post"}],"author":[{"embeddable":true,"href":"https:\/\/serveiseducatius.xtec.cat\/altmaresme\/wp-json\/wp\/v2\/users\/1"}],"replies":[{"embeddable":true,"href":"https:\/\/serveiseducatius.xtec.cat\/altmaresme\/wp-json\/wp\/v2\/comments?post=14960"}],"version-history":[{"count":2,"href":"https:\/\/serveiseducatius.xtec.cat\/altmaresme\/wp-json\/wp\/v2\/posts\/14960\/revisions"}],"predecessor-version":[{"id":14964,"href":"https:\/\/serveiseducatius.xtec.cat\/altmaresme\/wp-json\/wp\/v2\/posts\/14960\/revisions\/14964"}],"wp:featuredmedia":[{"embeddable":true,"href":"https:\/\/serveiseducatius.xtec.cat\/altmaresme\/wp-json\/wp\/v2\/media\/14962"}],"wp:attachment":[{"href":"https:\/\/serveiseducatius.xtec.cat\/altmaresme\/wp-json\/wp\/v2\/media?parent=14960"}],"wp:term":[{"taxonomy":"category","embeddable":true,"href":"https:\/\/serveiseducatius.xtec.cat\/altmaresme\/wp-json\/wp\/v2\/categories?post=14960"},{"taxonomy":"post_tag","embeddable":true,"href":"https:\/\/serveiseducatius.xtec.cat\/altmaresme\/wp-json\/wp\/v2\/tags?post=14960"}],"curies":[{"name":"wp","href":"https:\/\/api.w.org\/{rel}","templated":true}]}}