{"id":14915,"date":"2021-11-02T17:00:24","date_gmt":"2021-11-02T16:00:24","guid":{"rendered":"https:\/\/serveiseducatius.xtec.cat\/altmaresme\/?p=14915"},"modified":"2021-10-29T10:31:09","modified_gmt":"2021-10-29T08:31:09","slug":"ciencia-en-primera-persona-nova-data-limit-dinscripcio-9-de-novembre","status":"publish","type":"post","link":"https:\/\/serveiseducatius.xtec.cat\/altmaresme\/general\/ciencia-en-primera-persona-nova-data-limit-dinscripcio-9-de-novembre\/","title":{"rendered":"Ci\u00e8ncia en primera persona. Nova data l\u00edmit d&#8217;inscripci\u00f3: 9 de novembre!"},"content":{"rendered":"<p>Us recordem que l&#8217;activitat <strong>&#8220;La ci\u00e8ncia en primera persona&#8221;<\/strong> es celebrar\u00e0 el dia 17 de novembre al mat\u00ed. S&#8217;emmarca en la <strong>Setmana de la Ci\u00e8ncia<\/strong>, amb la finalitat del foment de les vocacions cient\u00edfiques i tecnol\u00f2giques entre l&#8217;alumnat del nostre pa\u00eds, pretenent apropar els i les cient\u00edfiques als instituts.<\/p>\n<p dir=\"ltr\"><span style=\"font-family: arial, sans-serif;\">Seguint la bona acollida de l\u2019edici\u00f3 passada, enguany es mant\u00e9 la modalitat virtual.<\/span><\/p>\n<p dir=\"ltr\"><span style=\"font-family: arial, sans-serif;\">\u00a0<\/span><span style=\"font-family: arial, sans-serif;\">L\u2019activitat es fonamenta en tres parts:\u00a0<\/span><\/p>\n<ol>\n<li dir=\"ltr\"><span style=\"font-family: arial, sans-serif;\">Difusi\u00f3 d&#8217;un v\u00eddeo, d\u2019una durada d\u2019uns 5-10 minuts on es llen\u00e7a tamb\u00e9 una proposta o un repte.<\/span><\/li>\n<\/ol>\n<p dir=\"ltr\"><span style=\"font-family: arial, sans-serif;\">2. Aquest v\u00eddeo el visualitzar\u00e0 l\u2019alumnat en hores lectives juntament amb els seus professors\/es. L\u2019alumnat ens faran arribar imatge del repte aconseguit (5 fotografies m\u00e0xim per grup) aix\u00ed com les preguntes que volen formular als\/a les cient\u00edfics\/ques (3 preguntes m\u00e0xim per grup).\u00a0<\/span><\/p>\n<p dir=\"ltr\"><span style=\"font-family: arial, sans-serif;\">3. El dia 17 de novembre al mat\u00ed, retransmissi\u00f3 en directe pel canal youtube de cadascun dels cient\u00edfics\/ques.<a href=\"https:\/\/serveiseducatius.xtec.cat\/altmaresme\/wp-content\/uploads\/usu1140\/2021\/10\/reptes-1.png\"><img loading=\"lazy\" decoding=\"async\" class=\" wp-image-14923 alignright\" src=\"https:\/\/serveiseducatius.xtec.cat\/altmaresme\/wp-content\/uploads\/usu1140\/2021\/10\/reptes-1.png\" alt=\"\" width=\"556\" height=\"383\" srcset=\"https:\/\/serveiseducatius.xtec.cat\/altmaresme\/wp-content\/uploads\/usu1140\/2021\/10\/reptes-1.png 813w, https:\/\/serveiseducatius.xtec.cat\/altmaresme\/wp-content\/uploads\/usu1140\/2021\/10\/reptes-1-300x207.png 300w, https:\/\/serveiseducatius.xtec.cat\/altmaresme\/wp-content\/uploads\/usu1140\/2021\/10\/reptes-1-768x529.png 768w\" sizes=\"auto, (max-width: 556px) 100vw, 556px\" \/><\/a><\/span><\/p>\n<h4 dir=\"ltr\"><span style=\"font-family: arial, sans-serif;\"> <a href=\"https:\/\/serveiseducatius.xtec.cat\/altmaresme\/wp-content\/uploads\/usu1140\/2021\/10\/REPTES_La-ciencia-en-primera-persona-2021-videos-i-cronograma-dia-de-la-ciencia-escoles-1.pdf\">CRONOGRAMA DE L&#8217;ACTIVITAT I ENLLA\u00c7OS ALS V\u00cdDEOS<\/a><\/span><\/h4>\n<p dir=\"ltr\"><span style=\"font-family: arial, sans-serif;\">L\u2019activitat adre\u00e7ada a l\u2019alumnat de <strong>3r i 4t d\u2019ESO<\/strong> va a c\u00e0rrec de cient\u00edfics\/ques que es dediquen a la investigaci\u00f3 i que expliquen la seva tasca, tant des del vessant cient\u00edfic com del vessant hum\u00e0.\u00a0<\/span><\/p>\n<p dir=\"ltr\"><span style=\"font-family: arial, sans-serif;\">Es proposen 4 grans temes per a tractar amb els seg\u00fcents ponents: <\/span><\/p>\n<p dir=\"ltr\"><span style=\"font-family: arial, sans-serif;\">Rob\u00f2tica: \u00a0Ana\u00eds Garrell, J\u00falia Borr\u00e0s i Irene Garc\u00eda (IRI)<\/span><\/p>\n<p dir=\"ltr\"><span style=\"font-family: arial, sans-serif;\">Astrof\u00edsica: Ignasi Ribas (IEEC) (ICE-CSIC)<\/span><\/p>\n<p dir=\"ltr\"><span style=\"font-family: arial, sans-serif;\">Economia circular: Jordi Morat\u00f3 i Juan David Escorcia (UPC)<\/span><\/p>\n<p dir=\"ltr\"><span style=\"font-family: arial, sans-serif;\">Xarxes Socials: Davinia Hern\u00e1ndez-Leo, Roberto S\u00e1nchez, Emily Theophilou i Ren\u00e9 Lobo (TIDE -UPF)<\/span><\/p>\n<h5 dir=\"ltr\">Es centres interessats en participar en la <strong>ci\u00e8ncia en primera persona<\/strong> cal que formalitzin la seva sol\u00b7licitud enviant el seg\u00fcent<a href=\"https:\/\/forms.gle\/Gpb6JcVb1FZidGFk9\" target=\"_blank\" rel=\"noopener\" data-saferedirecturl=\"https:\/\/www.google.com\/url?q=https:\/\/forms.gle\/Gpb6JcVb1FZidGFk9&amp;source=gmail&amp;ust=1635574127184000&amp;usg=AFQjCNGaskTwbX5XyiJV_quEpiputtg4CA\"> formulari<\/a>.<\/h5>\n<p dir=\"ltr\">La data l\u00edmit per l\u2019enviament \u00e9s el <strong>9 de novembre.<\/strong><\/p>\n<p dir=\"ltr\"><a href=\"https:\/\/serveiseducatius.xtec.cat\/altmaresme\/general\/concurs-dels-monolegs-del-club-de-la-ciencia\/\">Enlla\u00e7 a l&#8217;article anterior amb tota la informaci\u00f3!<\/a><\/p>\n","protected":false},"excerpt":{"rendered":"<p>Us recordem que l&#8217;activitat &#8220;La ci\u00e8ncia en primera persona&#8221; es celebrar\u00e0 el dia 17 de novembre al mat\u00ed. S&#8217;emmarca en la Setmana de la Ci\u00e8ncia, amb la finalitat del foment de les vocacions cient\u00edfiques i tecnol\u00f2giques entre l&#8217;alumnat del nostre pa\u00eds, pretenent apropar els i&hellip;  <a href=\"https:\/\/serveiseducatius.xtec.cat\/altmaresme\/general\/ciencia-en-primera-persona-nova-data-limit-dinscripcio-9-de-novembre\/\" title=\"Read Ci\u00e8ncia en primera persona. Nova data l\u00edmit d&#8217;inscripci\u00f3: 9 de novembre!\">Llegeix m\u00e9s\u00bb<\/a><\/p>\n","protected":false},"author":1,"featured_media":14921,"comment_status":"open","ping_status":"closed","sticky":false,"template":"","format":"standard","meta":{"_bbp_topic_count":0,"_bbp_reply_count":0,"_bbp_total_topic_count":0,"_bbp_total_reply_count":0,"_bbp_voice_count":0,"_bbp_anonymous_reply_count":0,"_bbp_topic_count_hidden":0,"_bbp_reply_count_hidden":0,"_bbp_forum_subforum_count":0,"footnotes":""},"categories":[1063,1057,1062,1,29,1045],"tags":[],"class_list":["post-14915","post","type-post","status-publish","format-standard","has-post-thumbnail","hentry","category-premis-i-concursos","category-medi","category-dinamitzacio","category-general","category-portada","category-secundaria"],"post_mailing_queue_ids":[],"_links":{"self":[{"href":"https:\/\/serveiseducatius.xtec.cat\/altmaresme\/wp-json\/wp\/v2\/posts\/14915","targetHints":{"allow":["GET"]}}],"collection":[{"href":"https:\/\/serveiseducatius.xtec.cat\/altmaresme\/wp-json\/wp\/v2\/posts"}],"about":[{"href":"https:\/\/serveiseducatius.xtec.cat\/altmaresme\/wp-json\/wp\/v2\/types\/post"}],"author":[{"embeddable":true,"href":"https:\/\/serveiseducatius.xtec.cat\/altmaresme\/wp-json\/wp\/v2\/users\/1"}],"replies":[{"embeddable":true,"href":"https:\/\/serveiseducatius.xtec.cat\/altmaresme\/wp-json\/wp\/v2\/comments?post=14915"}],"version-history":[{"count":3,"href":"https:\/\/serveiseducatius.xtec.cat\/altmaresme\/wp-json\/wp\/v2\/posts\/14915\/revisions"}],"predecessor-version":[{"id":14930,"href":"https:\/\/serveiseducatius.xtec.cat\/altmaresme\/wp-json\/wp\/v2\/posts\/14915\/revisions\/14930"}],"wp:featuredmedia":[{"embeddable":true,"href":"https:\/\/serveiseducatius.xtec.cat\/altmaresme\/wp-json\/wp\/v2\/media\/14921"}],"wp:attachment":[{"href":"https:\/\/serveiseducatius.xtec.cat\/altmaresme\/wp-json\/wp\/v2\/media?parent=14915"}],"wp:term":[{"taxonomy":"category","embeddable":true,"href":"https:\/\/serveiseducatius.xtec.cat\/altmaresme\/wp-json\/wp\/v2\/categories?post=14915"},{"taxonomy":"post_tag","embeddable":true,"href":"https:\/\/serveiseducatius.xtec.cat\/altmaresme\/wp-json\/wp\/v2\/tags?post=14915"}],"curies":[{"name":"wp","href":"https:\/\/api.w.org\/{rel}","templated":true}]}}