{"id":14869,"date":"2021-10-27T17:00:45","date_gmt":"2021-10-27T15:00:45","guid":{"rendered":"https:\/\/serveiseducatius.xtec.cat\/altmaresme\/?p=14869"},"modified":"2021-10-26T08:57:35","modified_gmt":"2021-10-26T06:57:35","slug":"cicle-cinema-memoria-pau-i-drets-humans","status":"publish","type":"post","link":"https:\/\/serveiseducatius.xtec.cat\/altmaresme\/general\/cicle-cinema-memoria-pau-i-drets-humans\/","title":{"rendered":"Cicle Cinema, mem\u00f2ria, pau i drets humans."},"content":{"rendered":"<p><strong>FILMOTECA PER A LES ESCOLES<\/strong> <a href=\"https:\/\/serveiseducatius.xtec.cat\/altmaresme\/wp-content\/uploads\/usu1140\/2021\/10\/filmoteca.gif\"><img loading=\"lazy\" decoding=\"async\" class=\"size-full wp-image-14871 alignright\" src=\"https:\/\/serveiseducatius.xtec.cat\/altmaresme\/wp-content\/uploads\/usu1140\/2021\/10\/filmoteca.gif\" alt=\"\" width=\"512\" height=\"127\" \/><\/a><\/p>\n<p>Sessions de curtmetratges i fragments de pel\u00b7l\u00edcules per tractar els drets humans des d\u2019un punt de vista audiovisual mitjan\u00e7ant la reflexi\u00f3 a trav\u00e9s d\u2019activitats participatives i intervencions de col\u00b7lectius que treballen directament els temes proposats.<\/p>\n<p><strong>Qu\u00e8 es treballa? <\/strong><\/p>\n<p>\u2022 La reflexi\u00f3 cr\u00edtica sobre els drets humans<\/p>\n<p>\u2022 Aspectes formals i de contingut del missatge audiovisual per a desenvolupar una mirada cr\u00edtica<\/p>\n<p>\u2022 La transformaci\u00f3 social pel canvi (comptant amb associacions implicades en el treball actiu en l\u2019\u00e0mbit dels drets humans)<\/p>\n<p><strong>*Cal treball previ al centre educatiu seguint el material aportat per la Filmoteca.<\/strong><\/p>\n<p><strong>SESSIONS 2021-22:<\/strong><\/p>\n<p><strong>-28\u00a0d\u2019octubre de 2021:\u00a0<\/strong>Dia Internacional de la No-viol\u00e8ncia (2 d&#8217;octubre) <strong>ESO<\/strong><\/p>\n<p><strong>-26\u00a0de novembre de 2021<\/strong><strong>:\u00a0\u00a0<\/strong>Dia Internacional de l\u2019Eliminaci\u00f3 de la Viol\u00e8ncia contra les Dones (25 de novembre) <strong>3r i 4t d&#8217;ESO, Bat\/CF<\/strong><\/p>\n<p><strong>-15\u00a0de desembre de 2021:\u00a0<\/strong>Dia Internacional del la Persona Migrant (18 de desembre)\u00a0<strong>ESO<\/strong><\/p>\n<p><strong>-26\u00a0de gener de 2022:<\/strong>\u00a0Dia Internacional en Mem\u00f2ria de les V\u00edctimes de l&#8217;Holocaust (27 de gener)\u00a0<strong>3r i 4t d&#8217;ESO, Bat\/CF<\/strong><\/p>\n<p><strong>-9\u00a0de febrer\u00a0de 2022:<\/strong>\u00a0Dia Internacional de Toler\u00e0ncia Zero amb la Mutilaci\u00f3 Genital Femenina (6 de febrer)\u00a0<strong>3r i 4t d&#8217;ESO, Bat\/CF<\/strong><\/p>\n<p>&#8211;<strong>24\u00a0de mar\u00e7\u00a0de 2022:<\/strong> Dia Internacional del Dret a la Veritat en relaci\u00f3 amb Violacions Greus dels Drets Humans i de la Dignitat de les V\u00edctimes (24 de mar\u00e7)\u00a0<strong>3r i 4t d&#8217;ESO, Bat\/CF<\/strong><\/p>\n<p><strong>-11\u00a0de maig de 2022:\u00a0<\/strong>Dia\u00a0Internacional del Comer\u00e7 Just (9 de maig)\u00a0<strong>ESO<\/strong><\/p>\n<p><strong>Sessions gratu\u00eftes<\/strong>.<\/p>\n<p>Amb la col\u00b7laboraci\u00f3 de:<\/p>\n<p>Ag\u00e8ncia Catalana de Cooperaci\u00f3 al Desenvolupament, Memorial\u00a0Democr\u00e0tic\u00a0i Departament d\u2019Educaci\u00f3.<\/p>\n<p>&nbsp;<\/p>\n<h3 style=\"text-align: center;\"><a href=\"https:\/\/filmoteca.cat\/web\/ca\/esdeveniment\/cinema-memoria-pau-i-drets-humans-0\"><strong>M\u00c9S INFORMACI\u00d3 I INSCRIPCIONS<\/strong><\/a><\/h3>\n","protected":false},"excerpt":{"rendered":"<p>FILMOTECA PER A LES ESCOLES <a href=\"https:\/\/serveiseducatius.xtec.cat\/altmaresme\/wp-content\/uploads\/usu1140\/2021\/10\/filmoteca.gif\"><\/a><br \/>\nSessions de curtmetratges i fragments de pel\u00b7l\u00edcules per tractar els drets humans des d\u2019un punt de vista audiovisual mitjan\u00e7ant la reflexi\u00f3 a trav\u00e9s d\u2019activitats participatives i intervencions de col\u00b7lectius que treballen directament els temes proposats.<br \/>\nQu\u00e8 es treballa?<br \/>\n\u2022 La&hellip;  <a href=\"https:\/\/serveiseducatius.xtec.cat\/altmaresme\/general\/cicle-cinema-memoria-pau-i-drets-humans\/\" title=\"Read Cicle Cinema, mem\u00f2ria, pau i drets humans.\">Llegeix m\u00e9s\u00bb<\/a><\/p>\n","protected":false},"author":1,"featured_media":14872,"comment_status":"open","ping_status":"closed","sticky":false,"template":"","format":"standard","meta":{"_bbp_topic_count":0,"_bbp_reply_count":0,"_bbp_total_topic_count":0,"_bbp_total_reply_count":0,"_bbp_voice_count":0,"_bbp_anonymous_reply_count":0,"_bbp_topic_count_hidden":0,"_bbp_reply_count_hidden":0,"_bbp_forum_subforum_count":0,"footnotes":""},"categories":[1063,1,29,1045],"tags":[],"class_list":["post-14869","post","type-post","status-publish","format-standard","has-post-thumbnail","hentry","category-premis-i-concursos","category-general","category-portada","category-secundaria"],"post_mailing_queue_ids":[],"_links":{"self":[{"href":"https:\/\/serveiseducatius.xtec.cat\/altmaresme\/wp-json\/wp\/v2\/posts\/14869","targetHints":{"allow":["GET"]}}],"collection":[{"href":"https:\/\/serveiseducatius.xtec.cat\/altmaresme\/wp-json\/wp\/v2\/posts"}],"about":[{"href":"https:\/\/serveiseducatius.xtec.cat\/altmaresme\/wp-json\/wp\/v2\/types\/post"}],"author":[{"embeddable":true,"href":"https:\/\/serveiseducatius.xtec.cat\/altmaresme\/wp-json\/wp\/v2\/users\/1"}],"replies":[{"embeddable":true,"href":"https:\/\/serveiseducatius.xtec.cat\/altmaresme\/wp-json\/wp\/v2\/comments?post=14869"}],"version-history":[{"count":2,"href":"https:\/\/serveiseducatius.xtec.cat\/altmaresme\/wp-json\/wp\/v2\/posts\/14869\/revisions"}],"predecessor-version":[{"id":14874,"href":"https:\/\/serveiseducatius.xtec.cat\/altmaresme\/wp-json\/wp\/v2\/posts\/14869\/revisions\/14874"}],"wp:featuredmedia":[{"embeddable":true,"href":"https:\/\/serveiseducatius.xtec.cat\/altmaresme\/wp-json\/wp\/v2\/media\/14872"}],"wp:attachment":[{"href":"https:\/\/serveiseducatius.xtec.cat\/altmaresme\/wp-json\/wp\/v2\/media?parent=14869"}],"wp:term":[{"taxonomy":"category","embeddable":true,"href":"https:\/\/serveiseducatius.xtec.cat\/altmaresme\/wp-json\/wp\/v2\/categories?post=14869"},{"taxonomy":"post_tag","embeddable":true,"href":"https:\/\/serveiseducatius.xtec.cat\/altmaresme\/wp-json\/wp\/v2\/tags?post=14869"}],"curies":[{"name":"wp","href":"https:\/\/api.w.org\/{rel}","templated":true}]}}