{"id":14836,"date":"2021-10-22T10:00:24","date_gmt":"2021-10-22T08:00:24","guid":{"rendered":"https:\/\/serveiseducatius.xtec.cat\/altmaresme\/?p=14836"},"modified":"2021-10-29T09:01:58","modified_gmt":"2021-10-29T07:01:58","slug":"reimaginat-videos-lliures-de-sexisme","status":"publish","type":"post","link":"https:\/\/serveiseducatius.xtec.cat\/altmaresme\/general\/reimaginat-videos-lliures-de-sexisme\/","title":{"rendered":"Reimagina&#8217;t. V\u00eddeos lliures de sexisme."},"content":{"rendered":"<div class=\"fusion-layout-column fusion_builder_column fusion_builder_column_1_2 fusion-builder-column-2 fusion-one-half fusion-column-last 1_2\">\n<div class=\"fusion-column-wrapper\" data-bg-url=\"\">\n<div class=\"fusion-text\">\n<div class=\"page\" title=\"Page 1\">\n<div class=\"layoutArea\">\n<div class=\"column\">\n<p><strong>Re<\/strong>imagina<strong>\u2018t <\/strong>\u00e9s una iniciativa de l\u2019<a href=\"https:\/\/www.observatoridelesdones.org\/\" target=\"_blank\" rel=\"noopener noreferrer\"><strong>Observatori de les dones en els mitjans de comunicaci\u00f3<\/strong><\/a> que impulsa la creaci\u00f3 i la difusi\u00f3 de v\u00eddeos lliures d\u2019estereotips sexistes realitzats per joves i dirigits al p\u00fablic jove.<\/p>\n<\/div>\n<\/div>\n<\/div>\n<\/div>\n<div class=\"fusion-text\">\n<p>El <strong>Re<\/strong>imagina<strong>\u2018t<\/strong> es va crear l\u2019any 2009 amb l\u2019objectiu d\u2019impulsar la creaci\u00f3 participativa de v\u00eddeos amb una<strong> mirada positiva cap a la diversitat de g\u00e8nere i afectivo-sexual<\/strong>, aix\u00ed com de promoure la formaci\u00f3 de p\u00fablics amb un <strong> visi\u00f3 activa i cr\u00edtica dels mitjans de comunicaci\u00f3<\/strong>. Des d\u2019aleshores hi han participat molts i moltes joves de diferents territoris de Catalunya, centres educatius i espais de lleure. Les creacions audiovisuals guanyadores de les diferents edicions del concurs es poden consultar a l\u2019<a href=\"https:\/\/reimaginat.observatoridelesdones.org\/arxiu\/\"><strong>arxiu del Reimagina\u2019t.<\/strong><\/a><\/p>\n<\/div>\n<\/div>\n<\/div>\n<p>Si formeu part d&#8217;un centre educatiu o entitat de lleure d&#8217;algun dels municipis integrats a l\u2019<strong>Observatori de les dones en els mitjans de comunicaci\u00f3<\/strong> i treballeu amb joves d&#8217;entre 12 i 18 anys, us animem a viure l&#8217;experi\u00e8ncia de participar al <strong><a href=\"https:\/\/butlleti.dracmagic.com\/c\/9qn64r\/qisb4z9n\/qnxthofcgpo\" target=\"_blank\" rel=\"noopener\" data-saferedirecturl=\"https:\/\/www.google.com\/url?q=https:\/\/butlleti.dracmagic.com\/c\/9qn64r\/qisb4z9n\/qnxthofcgpo&amp;source=gmail&amp;ust=1634714570898000&amp;usg=AFQjCNGw9kFpqPFtdWexca1BHhIHzcSDmQ\">Reimagina\u2019t. V\u00eddeos lliures de sexisme<\/a><\/strong>.<\/p>\n<p>Aquest concurs us permetr\u00e0 aprofundir en la tem\u00e0tica d&#8217;aquesta 13a edici\u00f3, <strong>LES<\/strong> <strong>CURES<\/strong>, i repensar-la a trav\u00e9s de l&#8217;audiovisual: Com podr\u00edem acabar amb el sexisme a les cures? Quines s\u00f3n les cures cap a nosaltres mateixes? A l&#8217;amistat tamb\u00e9 ens hem de cuidar? Com cuidem el nostre barri? I el nostre planeta?<\/p>\n<p>Sou a temps de presentar la vostra inscripci\u00f3 <strong>fins al 29 d&#8217;octubre<\/strong>.<\/p>\n<div class=\"fusion-title title fusion-title-1 fusion-sep-none fusion-title-size-one fusion-border-below-title\">\n<h3 class=\"title-heading-left\">Com fer la inscripci\u00f3?<\/h3>\n<\/div>\n<div class=\"fusion-text\">\n<p>1. Llegir les <a href=\"https:\/\/reimaginat.observatoridelesdones.org\/que-es\/\" target=\"_blank\" rel=\"noopener noreferrer\">bases del concurs<\/a> i respectar-ne el calendari<\/p>\n<p>2. Realitzar la inscripci\u00f3 pr\u00e8via fins al dia <strong>29 d\u2019octubre<\/strong> omplint la <strong><a href=\"https:\/\/docs.google.com\/forms\/d\/e\/1FAIpQLSeYpgF4ulIwMsEjMd5l8sJi7VylPqASu-_ZsZi4PkPe_64YZg\/viewform?vc=0&amp;c=0&amp;w=1&amp;flr=0\">\u2192<\/a><a href=\"https:\/\/docs.google.com\/forms\/d\/e\/1FAIpQLSeYpgF4ulIwMsEjMd5l8sJi7VylPqASu-_ZsZi4PkPe_64YZg\/viewform?vc=0&amp;c=0&amp;w=1&amp;flr=0\" target=\"_blank\" rel=\"noopener noreferrer\">FITXA D\u2019INSCRIPCI\u00d3\u2190<\/a><\/strong><\/p>\n<p>3. Inscriure el v\u00eddeo en una de les seg\u00fcents categories:<\/p>\n<ul>\n<li>12 a 14 anys<\/li>\n<li>14 a 16 anys<\/li>\n<li>16 a 18 anys<\/li>\n<\/ul>\n<\/div>\n<div class=\"fusion-separator fusion-full-width-sep sep-none\"><\/div>\n<div class=\"fusion-title title fusion-title-2 fusion-sep-none fusion-title-size-one fusion-border-below-title\">\n<h3 class=\"title-heading-left\">Com enviar el v\u00eddeo?<\/h3>\n<\/div>\n<div class=\"fusion-text\">\n<p>1. Realitzar el v\u00eddeo sobre la tem\u00e0tica d\u2019enguany, <strong>LES CURES \u2013 \u201cEt cuido, em cuides, cuidem\u201d<\/strong><\/p>\n<p>2. En els cr\u00e8dits dels v\u00eddeos, incloure: nom del centre educatiu, noms de l\u2019alumnat, any<\/p>\n<p>3. Afegir al comen\u00e7ament del v\u00eddeo participant el seg\u00fcent cartell \u2192 <a href=\"https:\/\/reimaginat.observatoridelesdones.org\/wp-content\/uploads\/2021\/07\/cartell_inici_videosLES-CURES.jpg\" target=\"_blank\" rel=\"noopener noreferrer\"><strong>Descarregar el cartell inicial<\/strong><\/a><\/p>\n<p>4. <strong>Abans de l\u201911 de febrer de 2022, p<\/strong><strong>ujar el v\u00eddeo a youtube i enviar l\u2019enlla\u00e7 omplint la fitxa del v\u00eddeo <\/strong><a href=\"https:\/\/docs.google.com\/forms\/d\/e\/1FAIpQLSddrQ9TC5VbPcDIZ1hN7VU0h28TJhLKKlOaYWSdS5FvMKmaSw\/viewform?vc=0&amp;c=0&amp;w=1&amp;flr=0\" target=\"_blank\" rel=\"noopener noreferrer\"><strong>\u2192FITXA DEL V\u00cdDEO\u2190<\/strong><\/a><\/p>\n<p>5. Descarregar i omplir els <a href=\"https:\/\/reimaginat.observatoridelesdones.org\/wp-content\/uploads\/2020\/06\/Drets_imatge-2020_2021-scaled.jpg\" target=\"_blank\" rel=\"noopener noreferrer\"><strong>fulls de drets d\u2019imatge<\/strong><\/a> per als i les participants<\/p>\n<div class=\"page\" title=\"Page 3\">\n<div class=\"section\">\n<div class=\"layoutArea\">\n<div class=\"column\"><\/div>\n<\/div>\n<\/div>\n<\/div>\n<p>Per a qualsevol dubte o informaci\u00f3, podeu contactar amb nosaltres: <strong><br \/>\n<a href=\"mailto:observatorid@observatoridelesdones.org\">observatorid@observatoridelesdones.org<\/a><\/strong><\/p>\n<\/div>\n","protected":false},"excerpt":{"rendered":"<p>Reimagina\u2018t \u00e9s una iniciativa de l\u2019<a href=\"https:\/\/www.observatoridelesdones.org\/\" target=\"_blank\" rel=\"noopener noreferrer\">Observatori de les dones en els mitjans de comunicaci\u00f3<\/a> que impulsa la creaci\u00f3 i la difusi\u00f3 de v\u00eddeos lliures d\u2019estereotips sexistes realitzats per joves i dirigits al p\u00fablic jove.<\/p>\n<p>El Reimagina\u2018t es va crear l\u2019any 2009 amb&hellip;  <a href=\"https:\/\/serveiseducatius.xtec.cat\/altmaresme\/general\/reimaginat-videos-lliures-de-sexisme\/\" title=\"Read Reimagina&#8217;t. V\u00eddeos lliures de sexisme.\">Llegeix m\u00e9s\u00bb<\/a><\/p>\n","protected":false},"author":1,"featured_media":14837,"comment_status":"open","ping_status":"closed","sticky":false,"template":"","format":"standard","meta":{"_bbp_topic_count":0,"_bbp_reply_count":0,"_bbp_total_topic_count":0,"_bbp_total_reply_count":0,"_bbp_voice_count":0,"_bbp_anonymous_reply_count":0,"_bbp_topic_count_hidden":0,"_bbp_reply_count_hidden":0,"_bbp_forum_subforum_count":0,"footnotes":""},"categories":[1063,1062,1,1193,29,1045],"tags":[],"class_list":["post-14836","post","type-post","status-publish","format-standard","has-post-thumbnail","hentry","category-premis-i-concursos","category-dinamitzacio","category-general","category-genere","category-portada","category-secundaria"],"post_mailing_queue_ids":[],"_links":{"self":[{"href":"https:\/\/serveiseducatius.xtec.cat\/altmaresme\/wp-json\/wp\/v2\/posts\/14836","targetHints":{"allow":["GET"]}}],"collection":[{"href":"https:\/\/serveiseducatius.xtec.cat\/altmaresme\/wp-json\/wp\/v2\/posts"}],"about":[{"href":"https:\/\/serveiseducatius.xtec.cat\/altmaresme\/wp-json\/wp\/v2\/types\/post"}],"author":[{"embeddable":true,"href":"https:\/\/serveiseducatius.xtec.cat\/altmaresme\/wp-json\/wp\/v2\/users\/1"}],"replies":[{"embeddable":true,"href":"https:\/\/serveiseducatius.xtec.cat\/altmaresme\/wp-json\/wp\/v2\/comments?post=14836"}],"version-history":[{"count":2,"href":"https:\/\/serveiseducatius.xtec.cat\/altmaresme\/wp-json\/wp\/v2\/posts\/14836\/revisions"}],"predecessor-version":[{"id":14839,"href":"https:\/\/serveiseducatius.xtec.cat\/altmaresme\/wp-json\/wp\/v2\/posts\/14836\/revisions\/14839"}],"wp:featuredmedia":[{"embeddable":true,"href":"https:\/\/serveiseducatius.xtec.cat\/altmaresme\/wp-json\/wp\/v2\/media\/14837"}],"wp:attachment":[{"href":"https:\/\/serveiseducatius.xtec.cat\/altmaresme\/wp-json\/wp\/v2\/media?parent=14836"}],"wp:term":[{"taxonomy":"category","embeddable":true,"href":"https:\/\/serveiseducatius.xtec.cat\/altmaresme\/wp-json\/wp\/v2\/categories?post=14836"},{"taxonomy":"post_tag","embeddable":true,"href":"https:\/\/serveiseducatius.xtec.cat\/altmaresme\/wp-json\/wp\/v2\/tags?post=14836"}],"curies":[{"name":"wp","href":"https:\/\/api.w.org\/{rel}","templated":true}]}}