{"id":14832,"date":"2021-10-21T10:00:22","date_gmt":"2021-10-21T08:00:22","guid":{"rendered":"https:\/\/serveiseducatius.xtec.cat\/altmaresme\/?p=14832"},"modified":"2021-10-19T09:41:01","modified_gmt":"2021-10-19T07:41:01","slug":"tallers-de-sensibilitzacio-cap-a-leconomia-social","status":"publish","type":"post","link":"https:\/\/serveiseducatius.xtec.cat\/altmaresme\/general\/tallers-de-sensibilitzacio-cap-a-leconomia-social\/","title":{"rendered":"Tallers de sensibilitzaci\u00f3 cap a l&#8217;Economia Social"},"content":{"rendered":"<p>Benvolguts i benvolgudes, us fem arribar informaci\u00f3 dels <strong><em>tallers de sensibilitzaci\u00f3 cap a l\u2019Economia Social <\/em><\/strong>que s\u2019organitzen en el marc del projecte europeu Social NEET (<a href=\"https:\/\/www.mataro.cat\/sites\/socialneet\" data-saferedirecturl=\"https:\/\/www.google.com\/url?q=https:\/\/www.mataro.cat\/sites\/socialneet&amp;source=gmail&amp;ust=1634714564374000&amp;usg=AFQjCNHeSLQGYsZHUDVj5Ewk0WoC9llg-g\">https:\/\/www.mataro.cat\/sites\/socialneet<\/a>) en col\u00b7laboraci\u00f3 amb l\u2019Ateneu Cooperatiu del Maresme.<\/p>\n<p>Social NEET t\u00e9 com a objectiu principal <strong><em>combatre l\u2019atur juvenil amb l\u2019impuls de l\u2019emprenedoria social<\/em><\/strong>, i aquests tallers s\u00f3n una de les activitats que s\u2019ofereixen als centres educatius. El contingut del taller est\u00e0 relacionat amb temes que es treballen dins del curr\u00edculum de:<\/p>\n<p>&#8211;\u00a0\u00a0\u00a0\u00a0\u00a0\u00a0\u00a0\u00a0\u00a0 CFGM\/CFMS, en el cr\u00e8dit de FOL<\/p>\n<p>&#8211;\u00a0\u00a0\u00a0\u00a0\u00a0\u00a0\u00a0\u00a0\u00a0 ESO: en mat\u00e8ries optatives d\u2019emprenedoria, d\u2019economia, i en tutoria (ja que hi ha una de les sessions que es dedica a l\u2019IKIGAI, prop\u00f2sit de vida).<\/p>\n<p>&#8211;\u00a0\u00a0\u00a0\u00a0\u00a0\u00a0\u00a0\u00a0\u00a0 Batxillerat: en economia i estades en empreses.<\/p>\n<p>\u00d8\u00a0 <strong>Estructura del taller<\/strong><\/p>\n<p>o\u00a0\u00a0 <strong>Sessi\u00f3 1: Introducci\u00f3 a l\u2019economia social i el cooperativisme. <\/strong><\/p>\n<p>S\u2019introduir\u00e0 als alumnes al model cooperatiu, explicant els valors i principis del cooperativisme, quins s\u00f3n els trets diferencials de les empreses cooperatives i com funcionen i es posaran exemples reals d\u2019empreses cooperatives<\/p>\n<p>o\u00a0\u00a0 <strong>Sessi\u00f3 2: El projecte professional.<\/strong><\/p>\n<p>Es reflexionar\u00e0 sobre la import\u00e0ncia de definir el propi projecte de vida professional a trav\u00e9s de l\u2019autoconeixement, utilitzant el concepte japon\u00e8s de l&#8217;KIGAI. Aquest m\u00e8tode convida a l&#8217;alumne a identificar all\u00f2 en el que \u00e9s bo, que li dona plaer realitzar-ho i que a m\u00e9s aporta alguna cosa al mon.<\/p>\n<p>o\u00a0\u00a0 <strong>Sessi\u00f3 3: Emprenedoria social.<\/strong><\/p>\n<p>L\u2019emprenedoria social treballa per resoldre problemes socials i mediambientals a trav\u00e9s de la vessant empresarial. Pot haver-hi o no afany de lucre, per\u00f2 est\u00e0 supeditat a la missi\u00f3 social que esdev\u00e9 la finalitat principal de l\u2019empresa. D\u2019aquesta manera els projectes d\u2019emprenedoria social intenten combinar la viabilitat de negoci amb el comprom\u00eds social.<\/p>\n<p>\u00d8\u00a0 <strong>Durada del taller<\/strong><\/p>\n<p>La durada sencera del taller \u00e9s de 6 hores (3 sessions de 2 hores cadascuna)<\/p>\n<p>Tamb\u00e9 hi ha la possibilitat de fer nom\u00e9s la primera sessi\u00f3 (2 hores).<\/p>\n<p>\u00d8\u00a0 <strong>Com sol\u00b7licitar els tallers?<\/strong><\/p>\n<p>Fer la reserva amb 15 dies d\u2019anticipaci\u00f3 a trav\u00e9s del seg\u00fcent correu electr\u00f2nic <a href=\"mailto:socialneet@ajmataro.cat\">socialneet@ajmataro.cat<\/a> o al tel\u00e8fon 607 314 187.<\/p>\n<p>El taller t\u00e9 format presencial i s\u2019impartir\u00e0 en el mateix centre educatiu. Els taller est\u00e0 100% subvencionat pel projecte europeu Social NEET.<\/p>\n<p>&nbsp;<\/p>\n<p>Per m\u00e9s informaci\u00f3 podeu consultar la web del projecte: <a href=\"https:\/\/www--mataro--cat.insuit.net\/sites\/socialneet\/centres-educatius-1\" data-saferedirecturl=\"https:\/\/www.google.com\/url?q=https:\/\/www--mataro--cat.insuit.net\/sites\/socialneet\/centres-educatius-1&amp;source=gmail&amp;ust=1634714564374000&amp;usg=AFQjCNHM7uiaCz9L-RwbTlX7uNNjt7sbWQ\">https:\/\/www&#8211;mataro&#8211;cat.insuit.net\/sites\/socialneet\/centres-educatius-1<\/a><\/p>\n","protected":false},"excerpt":{"rendered":"<p>Benvolguts i benvolgudes, us fem arribar informaci\u00f3 dels tallers de sensibilitzaci\u00f3 cap a l\u2019Economia Social que s\u2019organitzen en el marc del projecte europeu Social NEET (<a href=\"https:\/\/www.mataro.cat\/sites\/socialneet\" data-saferedirecturl=\"https:\/\/www.google.com\/url?q=https:\/\/www.mataro.cat\/sites\/socialneet&amp;source=gmail&amp;ust=1634714564374000&amp;usg=AFQjCNHeSLQGYsZHUDVj5Ewk0WoC9llg-g\">https:\/\/www.mataro.cat\/sites\/socialneet<\/a>) en col\u00b7laboraci\u00f3 amb l\u2019Ateneu Cooperatiu del Maresme.<br \/>\nSocial NEET t\u00e9 com a objectiu principal combatre l\u2019atur juvenil amb&hellip;  <a href=\"https:\/\/serveiseducatius.xtec.cat\/altmaresme\/general\/tallers-de-sensibilitzacio-cap-a-leconomia-social\/\" title=\"Read Tallers de sensibilitzaci\u00f3 cap a l&#8217;Economia Social\">Llegeix m\u00e9s\u00bb<\/a><\/p>\n","protected":false},"author":1,"featured_media":14834,"comment_status":"open","ping_status":"closed","sticky":false,"template":"","format":"standard","meta":{"_bbp_topic_count":0,"_bbp_reply_count":0,"_bbp_total_topic_count":0,"_bbp_total_reply_count":0,"_bbp_voice_count":0,"_bbp_anonymous_reply_count":0,"_bbp_topic_count_hidden":0,"_bbp_reply_count_hidden":0,"_bbp_forum_subforum_count":0,"footnotes":""},"categories":[1063,1062,1,29,1045],"tags":[],"class_list":["post-14832","post","type-post","status-publish","format-standard","has-post-thumbnail","hentry","category-premis-i-concursos","category-dinamitzacio","category-general","category-portada","category-secundaria"],"post_mailing_queue_ids":[],"_links":{"self":[{"href":"https:\/\/serveiseducatius.xtec.cat\/altmaresme\/wp-json\/wp\/v2\/posts\/14832","targetHints":{"allow":["GET"]}}],"collection":[{"href":"https:\/\/serveiseducatius.xtec.cat\/altmaresme\/wp-json\/wp\/v2\/posts"}],"about":[{"href":"https:\/\/serveiseducatius.xtec.cat\/altmaresme\/wp-json\/wp\/v2\/types\/post"}],"author":[{"embeddable":true,"href":"https:\/\/serveiseducatius.xtec.cat\/altmaresme\/wp-json\/wp\/v2\/users\/1"}],"replies":[{"embeddable":true,"href":"https:\/\/serveiseducatius.xtec.cat\/altmaresme\/wp-json\/wp\/v2\/comments?post=14832"}],"version-history":[{"count":1,"href":"https:\/\/serveiseducatius.xtec.cat\/altmaresme\/wp-json\/wp\/v2\/posts\/14832\/revisions"}],"predecessor-version":[{"id":14835,"href":"https:\/\/serveiseducatius.xtec.cat\/altmaresme\/wp-json\/wp\/v2\/posts\/14832\/revisions\/14835"}],"wp:featuredmedia":[{"embeddable":true,"href":"https:\/\/serveiseducatius.xtec.cat\/altmaresme\/wp-json\/wp\/v2\/media\/14834"}],"wp:attachment":[{"href":"https:\/\/serveiseducatius.xtec.cat\/altmaresme\/wp-json\/wp\/v2\/media?parent=14832"}],"wp:term":[{"taxonomy":"category","embeddable":true,"href":"https:\/\/serveiseducatius.xtec.cat\/altmaresme\/wp-json\/wp\/v2\/categories?post=14832"},{"taxonomy":"post_tag","embeddable":true,"href":"https:\/\/serveiseducatius.xtec.cat\/altmaresme\/wp-json\/wp\/v2\/tags?post=14832"}],"curies":[{"name":"wp","href":"https:\/\/api.w.org\/{rel}","templated":true}]}}