{"id":1478,"date":"2015-10-01T13:11:47","date_gmt":"2015-10-01T12:11:47","guid":{"rendered":"http:\/\/serveieducatiu.eu\/?p=1478"},"modified":"2015-10-01T13:11:47","modified_gmt":"2015-10-01T12:11:47","slug":"hamaca-educa","status":"publish","type":"post","link":"https:\/\/serveiseducatius.xtec.cat\/altmaresme\/general\/hamaca-educa\/","title":{"rendered":"Hamaca Educa"},"content":{"rendered":"<h1 style=\"text-align: center;\"><span style=\"font-family: trebuchet ms,lucida grande,lucida sans unicode,lucida sans,tahoma,sans-serif;\">V\u00cdDEO DE CREACI\u00d3<\/span><span style=\"font-family: trebuchet ms,lucida grande,lucida sans unicode,lucida sans,tahoma,sans-serif;\"> ALS INSTITUTS<\/span><\/h1>\n<p style=\"text-align: center;\"><strong>Hamaca Educa<\/strong> \u00e9s un programa que d\u00f3na a con\u00e8ixer les propostes m\u00e9s actuals i arriscades de diferents\u00a0<strong>g\u00e8neres del v\u00eddeo de creaci\u00f3<\/strong> (documental, animaci\u00f3, v\u00eddeo assaig, videoart, etc.)\u00a0i acosta la pr\u00e0ctica del v\u00eddeo a l&#8217;\u00a0<strong>alumnat de\u00a0<\/strong><strong>3r i 4t d\u2019ESO i batxillerat.<\/strong><\/p>\n<hr \/>\n<p style=\"text-align: center;\"><strong>Maletes pedag\u00f2giques:<\/strong> material per treballar a l&#8217;aula que vincula obres\u00a0de videocreaci\u00f3 contempor\u00e0nia amb l\u2019ensenyament dels continguts curriculars de l\u2019educaci\u00f3 secund\u00e0ria i batxillerat (cultura audiovisual; ci\u00e8ncies socials, geografia i historia; educaci\u00f3 eticoc\u00edvica; etc).<\/p>\n<p dir=\"ltr\" style=\"text-align: center;\"><strong>Maleta 1:<\/strong> Fragments d\u2019hist\u00f2ria: la mem\u00f2ria recuperada<br \/>\n<strong>Maleta 2:<\/strong> Les possibilitats del v\u00eddeo: an\u00e0lisi i cr\u00edtica a la societat actual<br \/>\n<strong>Maleta 3:<\/strong> La videocreaci\u00f3: un recorregut pels principals formats i g\u00e8neres del llenguatge creatiu<\/p>\n<p style=\"text-align: center;\"><strong><u>Fins el 20 de DESEMBRE<\/u> un dels v\u00eddeos de cada maleta i el seu dossier pedag\u00f2gic disponibles de manera gratu\u00efta.<\/strong><\/p>\n<h3 style=\"text-align: center;\"><em>Per m\u00e9s informaci\u00f3: <a href=\"http:\/\/hamacaonline.us11.list-manage2.com\/track\/click?u=b419f62832470bcb6e5323eef&amp;id=2a484fd811&amp;e=ecf37ba28c\" target=\"_blank\">http:\/\/www.hamacaonline.net\/<wbr \/>educa.php<\/a><br \/>\n<strong>Programa Hamaca Educa:<\/strong><strong> \u00a0<\/strong><a href=\"mailto:educa@hamacaonline.net\" target=\"_blank\">educa@hamacaonline.net<\/a>\u00a0 \u00b7 \u00a0Telf: 933034310<\/em><\/h3>\n<div><\/div>\n","protected":false},"excerpt":{"rendered":"<p>V\u00cdDEO DE CREACI\u00d3 ALS INSTITUTS<br \/>\nHamaca Educa \u00e9s un programa que d\u00f3na a con\u00e8ixer les propostes m\u00e9s actuals i arriscades de diferents\u00a0g\u00e8neres del v\u00eddeo de creaci\u00f3 (documental, animaci\u00f3, v\u00eddeo assaig, videoart, etc.)\u00a0i acosta la pr\u00e0ctica del v\u00eddeo a l&#8217;\u00a0alumnat de\u00a03r i 4t d\u2019ESO i batxillerat.<\/p>\n<p>Maletes pedag\u00f2giques:&hellip;  <a href=\"https:\/\/serveiseducatius.xtec.cat\/altmaresme\/general\/hamaca-educa\/\" title=\"Read Hamaca Educa\">Llegeix m\u00e9s\u00bb<\/a><\/p>\n","protected":false},"author":7,"featured_media":0,"comment_status":"open","ping_status":"open","sticky":false,"template":"","format":"standard","meta":{"_bbp_topic_count":0,"_bbp_reply_count":0,"_bbp_total_topic_count":0,"_bbp_total_reply_count":0,"_bbp_voice_count":0,"_bbp_anonymous_reply_count":0,"_bbp_topic_count_hidden":0,"_bbp_reply_count_hidden":0,"_bbp_forum_subforum_count":0,"footnotes":""},"categories":[1],"tags":[],"class_list":["post-1478","post","type-post","status-publish","format-standard","hentry","category-general"],"post_mailing_queue_ids":[],"_links":{"self":[{"href":"https:\/\/serveiseducatius.xtec.cat\/altmaresme\/wp-json\/wp\/v2\/posts\/1478","targetHints":{"allow":["GET"]}}],"collection":[{"href":"https:\/\/serveiseducatius.xtec.cat\/altmaresme\/wp-json\/wp\/v2\/posts"}],"about":[{"href":"https:\/\/serveiseducatius.xtec.cat\/altmaresme\/wp-json\/wp\/v2\/types\/post"}],"author":[{"embeddable":true,"href":"https:\/\/serveiseducatius.xtec.cat\/altmaresme\/wp-json\/wp\/v2\/users\/7"}],"replies":[{"embeddable":true,"href":"https:\/\/serveiseducatius.xtec.cat\/altmaresme\/wp-json\/wp\/v2\/comments?post=1478"}],"version-history":[{"count":0,"href":"https:\/\/serveiseducatius.xtec.cat\/altmaresme\/wp-json\/wp\/v2\/posts\/1478\/revisions"}],"wp:attachment":[{"href":"https:\/\/serveiseducatius.xtec.cat\/altmaresme\/wp-json\/wp\/v2\/media?parent=1478"}],"wp:term":[{"taxonomy":"category","embeddable":true,"href":"https:\/\/serveiseducatius.xtec.cat\/altmaresme\/wp-json\/wp\/v2\/categories?post=1478"},{"taxonomy":"post_tag","embeddable":true,"href":"https:\/\/serveiseducatius.xtec.cat\/altmaresme\/wp-json\/wp\/v2\/tags?post=1478"}],"curies":[{"name":"wp","href":"https:\/\/api.w.org\/{rel}","templated":true}]}}