{"id":14680,"date":"2021-10-01T08:00:20","date_gmt":"2021-10-01T06:00:20","guid":{"rendered":"https:\/\/serveiseducatius.xtec.cat\/altmaresme\/?p=14680"},"modified":"2021-09-23T10:10:18","modified_gmt":"2021-09-23T08:10:18","slug":"18e-certamen-de-lectura-en-veu-alta","status":"publish","type":"post","link":"https:\/\/serveiseducatius.xtec.cat\/altmaresme\/portada\/18e-certamen-de-lectura-en-veu-alta\/","title":{"rendered":"18\u00e8 Certamen de lectura en veu alta"},"content":{"rendered":"<div>\n<div><\/div>\n<div>Avui comen\u00e7a la inscripci\u00f3 i estar\u00e0 oberta fins al 3 de novembre.<\/div>\n<div><\/div>\n<div>Us convidem a passejar-vos <a href=\"https:\/\/www.lecturaenveualta.cat\/\">per la web<\/a> per veure tots els detalls: llibres, recursos, bases, etc.<\/div>\n<div><\/div>\n<div>Si el certamen ser\u00e0 presencial o telem\u00e0tic en una o m\u00e9s fases, es decidir\u00e0 en funci\u00f3 de la situaci\u00f3 sanit\u00e0ria i de les directrius que el Departament d\u2019Educaci\u00f3 i de Sanitat donin sobre els actes p\u00fablics.<\/div>\n<div><\/div>\n<div>D\u2019altra banda, l\u2019agenda web est\u00e0 actualitzada: les semifinals tindran lloc durant el mes de mar\u00e7; les finals territorials entre abril i primers de maig; la festa final, a finals de maig.<\/div>\n<\/div>\n<div><\/div>\n<div>\n<div><\/div>\n<div>enlla\u00e7 inscripci\u00f3:\u00a0 <a href=\"https:\/\/www.lecturaenveualta.cat\/inscripcioxviii\/\" target=\"_blank\" rel=\"noopener\" data-saferedirecturl=\"https:\/\/www.google.com\/url?q=https:\/\/www.lecturaenveualta.cat\/inscripcioxviii\/&amp;source=gmail&amp;ust=1632470085994000&amp;usg=AFQjCNGpi_Ig-FXrZ-uXZ0asjIvOLuIlNA\">https:\/\/www.<wbr \/>lecturaenveualta.cat\/<wbr \/>inscripcioxviii\/<\/a><\/div>\n<div><\/div>\n<\/div>\n","protected":false},"excerpt":{"rendered":"<p>Avui comen\u00e7a la inscripci\u00f3 i estar\u00e0 oberta fins al 3 de novembre.<\/p>\n<p>Us convidem a passejar-vos <a href=\"https:\/\/www.lecturaenveualta.cat\/\">per la web<\/a> per veure tots els detalls: llibres, recursos, bases, etc.<\/p>\n<p>Si el certamen ser\u00e0 presencial o telem\u00e0tic en una o m\u00e9s fases, es decidir\u00e0 en funci\u00f3 de la&hellip;  <a href=\"https:\/\/serveiseducatius.xtec.cat\/altmaresme\/portada\/18e-certamen-de-lectura-en-veu-alta\/\" title=\"Read 18\u00e8 Certamen de lectura en veu alta\">Llegeix m\u00e9s\u00bb<\/a><\/p>\n","protected":false},"author":137,"featured_media":14681,"comment_status":"open","ping_status":"closed","sticky":false,"template":"","format":"standard","meta":{"_bbp_topic_count":0,"_bbp_reply_count":0,"_bbp_total_topic_count":0,"_bbp_total_reply_count":0,"_bbp_voice_count":0,"_bbp_anonymous_reply_count":0,"_bbp_topic_count_hidden":0,"_bbp_reply_count_hidden":0,"_bbp_forum_subforum_count":0,"footnotes":""},"categories":[72,29,1046,1045],"tags":[],"class_list":["post-14680","post","type-post","status-publish","format-standard","has-post-thumbnail","hentry","category-lectura-en-veu-alta","category-portada","category-primaria","category-secundaria"],"post_mailing_queue_ids":[],"_links":{"self":[{"href":"https:\/\/serveiseducatius.xtec.cat\/altmaresme\/wp-json\/wp\/v2\/posts\/14680","targetHints":{"allow":["GET"]}}],"collection":[{"href":"https:\/\/serveiseducatius.xtec.cat\/altmaresme\/wp-json\/wp\/v2\/posts"}],"about":[{"href":"https:\/\/serveiseducatius.xtec.cat\/altmaresme\/wp-json\/wp\/v2\/types\/post"}],"author":[{"embeddable":true,"href":"https:\/\/serveiseducatius.xtec.cat\/altmaresme\/wp-json\/wp\/v2\/users\/137"}],"replies":[{"embeddable":true,"href":"https:\/\/serveiseducatius.xtec.cat\/altmaresme\/wp-json\/wp\/v2\/comments?post=14680"}],"version-history":[{"count":2,"href":"https:\/\/serveiseducatius.xtec.cat\/altmaresme\/wp-json\/wp\/v2\/posts\/14680\/revisions"}],"predecessor-version":[{"id":18425,"href":"https:\/\/serveiseducatius.xtec.cat\/altmaresme\/wp-json\/wp\/v2\/posts\/14680\/revisions\/18425"}],"wp:featuredmedia":[{"embeddable":true,"href":"https:\/\/serveiseducatius.xtec.cat\/altmaresme\/wp-json\/wp\/v2\/media\/14681"}],"wp:attachment":[{"href":"https:\/\/serveiseducatius.xtec.cat\/altmaresme\/wp-json\/wp\/v2\/media?parent=14680"}],"wp:term":[{"taxonomy":"category","embeddable":true,"href":"https:\/\/serveiseducatius.xtec.cat\/altmaresme\/wp-json\/wp\/v2\/categories?post=14680"},{"taxonomy":"post_tag","embeddable":true,"href":"https:\/\/serveiseducatius.xtec.cat\/altmaresme\/wp-json\/wp\/v2\/tags?post=14680"}],"curies":[{"name":"wp","href":"https:\/\/api.w.org\/{rel}","templated":true}]}}