{"id":14678,"date":"2021-09-28T17:05:36","date_gmt":"2021-09-28T15:05:36","guid":{"rendered":"https:\/\/serveiseducatius.xtec.cat\/altmaresme\/?p=14678"},"modified":"2021-09-27T14:36:44","modified_gmt":"2021-09-27T12:36:44","slug":"atencio-docents-inquiets-el-cesire-estrena-web","status":"publish","type":"post","link":"https:\/\/serveiseducatius.xtec.cat\/altmaresme\/portada\/atencio-docents-inquiets-el-cesire-estrena-web\/","title":{"rendered":"Atenci\u00f3 docents inquiets el cesire estrena web"},"content":{"rendered":"<p dir=\"ltr\">El CESIRE estrena nou web. Hi trobareu l&#8217;oferta d&#8217;experi\u00e8ncies formatives i recursos pedag\u00f2gics organitzats per cat\u00e0legs. Tamb\u00e9 podreu con\u00e8ixer les novetats del seu nou projecte, que pret\u00e9n acompanyar els docents i els centres en la recerca de l\u2019aprenentatge amb sentit. Us\u00a0 convidem a donar-hi un cop d\u2019ull, a aprofitar els materials i participar de les activitats que proposen!<\/p>\n<blockquote class=\"wp-embedded-content\" data-secret=\"Zva46JAos6\"><p><a href=\"https:\/\/serveiseducatius.xtec.cat\/cesire\/\">Inici<\/a><\/p><\/blockquote>\n<p><iframe loading=\"lazy\" class=\"wp-embedded-content\" sandbox=\"allow-scripts\" security=\"restricted\" style=\"position: absolute; clip: rect(1px, 1px, 1px, 1px);\" title=\"&#8220;Inici&#8221; &#8212; CESIRE\" src=\"https:\/\/serveiseducatius.xtec.cat\/cesire\/embed\/#?secret=spoEwi41DL#?secret=Zva46JAos6\" data-secret=\"Zva46JAos6\" width=\"500\" height=\"282\" frameborder=\"0\" marginwidth=\"0\" marginheight=\"0\" scrolling=\"no\"><\/iframe><\/p>\n<p dir=\"ltr\"><a href=\"https:\/\/serveiseducatius.xtec.cat\/cesire\/\"><img loading=\"lazy\" decoding=\"async\" class=\"CToWUd\" src=\"https:\/\/lh5.googleusercontent.com\/X_oxf1g8AN0EaAZ6dPh9U8WkML1VMomkm9l2hLQc-QJow39PyH1f6f8K1uiqy6w0fYP5kF4g-P6egzosgnMUt43de7DhGqUC9TP7rFrxZqaCIumjvWL154heUr1Sqe4f-yZAVe0=s0\" width=\"602\" height=\"88\" \/><\/a><\/p>\n","protected":false},"excerpt":{"rendered":"<p>El CESIRE estrena nou web. Hi trobareu l&#8217;oferta d&#8217;experi\u00e8ncies formatives i recursos pedag\u00f2gics organitzats per cat\u00e0legs. Tamb\u00e9 podreu con\u00e8ixer les novetats del seu nou projecte, que pret\u00e9n acompanyar els docents i els centres en la recerca de l\u2019aprenentatge amb sentit. Us\u00a0 convidem a donar-hi un&hellip;  <a href=\"https:\/\/serveiseducatius.xtec.cat\/altmaresme\/portada\/atencio-docents-inquiets-el-cesire-estrena-web\/\" title=\"Read Atenci\u00f3 docents inquiets el cesire estrena web\">Llegeix m\u00e9s\u00bb<\/a><\/p>\n","protected":false},"author":1,"featured_media":13380,"comment_status":"open","ping_status":"closed","sticky":false,"template":"","format":"standard","meta":{"_bbp_topic_count":0,"_bbp_reply_count":0,"_bbp_total_topic_count":0,"_bbp_total_reply_count":0,"_bbp_voice_count":0,"_bbp_anonymous_reply_count":0,"_bbp_topic_count_hidden":0,"_bbp_reply_count_hidden":0,"_bbp_forum_subforum_count":0,"footnotes":""},"categories":[1061,1058,29,1046,1053,1045],"tags":[],"class_list":["post-14678","post","type-post","status-publish","format-standard","has-post-thumbnail","hentry","category-competencies","category-curriculum","category-portada","category-primaria","category-recursos","category-secundaria"],"post_mailing_queue_ids":[],"_links":{"self":[{"href":"https:\/\/serveiseducatius.xtec.cat\/altmaresme\/wp-json\/wp\/v2\/posts\/14678","targetHints":{"allow":["GET"]}}],"collection":[{"href":"https:\/\/serveiseducatius.xtec.cat\/altmaresme\/wp-json\/wp\/v2\/posts"}],"about":[{"href":"https:\/\/serveiseducatius.xtec.cat\/altmaresme\/wp-json\/wp\/v2\/types\/post"}],"author":[{"embeddable":true,"href":"https:\/\/serveiseducatius.xtec.cat\/altmaresme\/wp-json\/wp\/v2\/users\/1"}],"replies":[{"embeddable":true,"href":"https:\/\/serveiseducatius.xtec.cat\/altmaresme\/wp-json\/wp\/v2\/comments?post=14678"}],"version-history":[{"count":1,"href":"https:\/\/serveiseducatius.xtec.cat\/altmaresme\/wp-json\/wp\/v2\/posts\/14678\/revisions"}],"predecessor-version":[{"id":14679,"href":"https:\/\/serveiseducatius.xtec.cat\/altmaresme\/wp-json\/wp\/v2\/posts\/14678\/revisions\/14679"}],"wp:featuredmedia":[{"embeddable":true,"href":"https:\/\/serveiseducatius.xtec.cat\/altmaresme\/wp-json\/wp\/v2\/media\/13380"}],"wp:attachment":[{"href":"https:\/\/serveiseducatius.xtec.cat\/altmaresme\/wp-json\/wp\/v2\/media?parent=14678"}],"wp:term":[{"taxonomy":"category","embeddable":true,"href":"https:\/\/serveiseducatius.xtec.cat\/altmaresme\/wp-json\/wp\/v2\/categories?post=14678"},{"taxonomy":"post_tag","embeddable":true,"href":"https:\/\/serveiseducatius.xtec.cat\/altmaresme\/wp-json\/wp\/v2\/tags?post=14678"}],"curies":[{"name":"wp","href":"https:\/\/api.w.org\/{rel}","templated":true}]}}