{"id":14672,"date":"2021-09-24T10:30:07","date_gmt":"2021-09-24T08:30:07","guid":{"rendered":"https:\/\/serveiseducatius.xtec.cat\/altmaresme\/?p=14672"},"modified":"2021-09-22T16:05:36","modified_gmt":"2021-09-22T14:05:36","slug":"ja-shan-obert-les-inscripcions-de-la-vi-edicio-de-recerkids","status":"publish","type":"post","link":"https:\/\/serveiseducatius.xtec.cat\/altmaresme\/portada\/ja-shan-obert-les-inscripcions-de-la-vi-edicio-de-recerkids\/","title":{"rendered":"JA S&#8217;HAN OBERT LES INSCRIPCIONS DE LA VI EDICI\u00d3 DE RECERKIDS!"},"content":{"rendered":"<div>\n<div class=\"vc_row wpb_row vc_row-fluid\">\n<div class=\"wpb_column vc_column_container vc_col-sm-12\">\n<div class=\"vc_column-inner \">\n<div class=\"wpb_wrapper\">\n<div class=\"wpb_text_column wpb_content_element \">\n<div class=\"wpb_wrapper\">\n<p>La\u00a0<b>VI edici\u00f3<\/b>\u00a0de Recerkids us proposa treballar els vostres projectes de recerca al voltant del tema de l\u2019<b>estudi de la biodiversitat a Catalunya<\/b>, especialment, l\u2019impacte de l\u2019<b>acci\u00f3 humana sobre les aus<\/b>, en commemoraci\u00f3 de l&#8217;aniversari de\u00a0Josep Fuset i Tubi\u00e0, autor del primer cat\u00e0leg d&#8217;aus del nostre pa\u00eds.<\/p>\n<p>Per participar-hi, nom\u00e9s heu d<b>\u2019inscriure la vostra classe<\/b>\u00a0a l\u2019apartat d\u2019<a href=\"https:\/\/www.recerkids.cat\/inscripcions\/\">Inscripcions<\/a> del <a href=\"https:\/\/www.recerkids.cat\/\">web de Recerkids<\/a>. <strong>Teniu temps fins al 31 d\u2019octubre!<\/strong><\/p>\n<table border=\"0\" width=\"100%\" cellspacing=\"0\" cellpadding=\"0\">\n<tbody>\n<tr>\n<td align=\"center\" valign=\"top\">\n<table border=\"0\" cellspacing=\"0\" cellpadding=\"0\">\n<tbody>\n<tr>\n<td align=\"center\" valign=\"middle\">\n<h4><a class=\"m_-7250270313740329306mcnButton\" title=\"Inscriviu la vostra classe\" href=\"https:\/\/recerkids.us13.list-manage.com\/track\/click?u=29b5d15ba954a6b70ad212262&amp;id=3f14ab8dae&amp;e=12b9f950d2\" target=\"_blank\" rel=\"noopener\" data-saferedirecturl=\"https:\/\/www.google.com\/url?q=https:\/\/recerkids.us13.list-manage.com\/track\/click?u%3D29b5d15ba954a6b70ad212262%26id%3D3f14ab8dae%26e%3D12b9f950d2&amp;source=gmail&amp;ust=1632405481002000&amp;usg=AFQjCNFdlCxrVXnL8RpTAnT9pD1s_lNifQ\">Inscriviu la vostra classe<\/a><\/h4>\n<\/td>\n<\/tr>\n<\/tbody>\n<\/table>\n<\/td>\n<\/tr>\n<\/tbody>\n<\/table>\n<\/div>\n<\/div>\n<div class=\"vc_separator wpb_content_element vc_separator_align_center vc_sep_width_100 vc_sep_pos_align_center vc_separator_no_text vc_sep_color_grey\"><\/div>\n<\/div>\n<\/div>\n<\/div>\n<\/div>\n<div class=\"vc_row wpb_row vc_row-fluid\">\n<div class=\"wpb_column vc_column_container vc_col-sm-12\">\n<div class=\"vc_column-inner \">\n<div class=\"wpb_wrapper\">\n<div class=\"wpb_text_column wpb_content_element \">\n<div class=\"wpb_wrapper\">\n<h3><b>\u00c9s el primer cop que participeu al programa?<\/b><\/h3>\n<p>Consulteu la informaci\u00f3 detallada sobre com funciona\u00a0<a href=\"https:\/\/www.recerkids.cat\/com-funciona\/\">aqu\u00ed<\/a>.<\/p>\n<\/div>\n<\/div>\n<\/div>\n<\/div>\n<\/div>\n<\/div>\n<\/div>\n","protected":false},"excerpt":{"rendered":"<p>La\u00a0VI edici\u00f3\u00a0de Recerkids us proposa treballar els vostres projectes de recerca al voltant del tema de l\u2019estudi de la biodiversitat a Catalunya, especialment, l\u2019impacte de l\u2019acci\u00f3 humana sobre les aus, en commemoraci\u00f3 de l&#8217;aniversari de\u00a0Josep Fuset i Tubi\u00e0, autor del primer cat\u00e0leg d&#8217;aus del nostre&hellip;  <a href=\"https:\/\/serveiseducatius.xtec.cat\/altmaresme\/portada\/ja-shan-obert-les-inscripcions-de-la-vi-edicio-de-recerkids\/\" title=\"Read JA S&#8217;HAN OBERT LES INSCRIPCIONS DE LA VI EDICI\u00d3 DE RECERKIDS!\">Llegeix m\u00e9s\u00bb<\/a><\/p>\n","protected":false},"author":137,"featured_media":10680,"comment_status":"open","ping_status":"closed","sticky":false,"template":"","format":"standard","meta":{"_bbp_topic_count":0,"_bbp_reply_count":0,"_bbp_total_topic_count":0,"_bbp_total_reply_count":0,"_bbp_voice_count":0,"_bbp_anonymous_reply_count":0,"_bbp_topic_count_hidden":0,"_bbp_reply_count_hidden":0,"_bbp_forum_subforum_count":0,"footnotes":""},"categories":[1057,29,1046],"tags":[],"class_list":["post-14672","post","type-post","status-publish","format-standard","has-post-thumbnail","hentry","category-medi","category-portada","category-primaria"],"post_mailing_queue_ids":[],"_links":{"self":[{"href":"https:\/\/serveiseducatius.xtec.cat\/altmaresme\/wp-json\/wp\/v2\/posts\/14672","targetHints":{"allow":["GET"]}}],"collection":[{"href":"https:\/\/serveiseducatius.xtec.cat\/altmaresme\/wp-json\/wp\/v2\/posts"}],"about":[{"href":"https:\/\/serveiseducatius.xtec.cat\/altmaresme\/wp-json\/wp\/v2\/types\/post"}],"author":[{"embeddable":true,"href":"https:\/\/serveiseducatius.xtec.cat\/altmaresme\/wp-json\/wp\/v2\/users\/137"}],"replies":[{"embeddable":true,"href":"https:\/\/serveiseducatius.xtec.cat\/altmaresme\/wp-json\/wp\/v2\/comments?post=14672"}],"version-history":[{"count":1,"href":"https:\/\/serveiseducatius.xtec.cat\/altmaresme\/wp-json\/wp\/v2\/posts\/14672\/revisions"}],"predecessor-version":[{"id":14673,"href":"https:\/\/serveiseducatius.xtec.cat\/altmaresme\/wp-json\/wp\/v2\/posts\/14672\/revisions\/14673"}],"wp:featuredmedia":[{"embeddable":true,"href":"https:\/\/serveiseducatius.xtec.cat\/altmaresme\/wp-json\/wp\/v2\/media\/10680"}],"wp:attachment":[{"href":"https:\/\/serveiseducatius.xtec.cat\/altmaresme\/wp-json\/wp\/v2\/media?parent=14672"}],"wp:term":[{"taxonomy":"category","embeddable":true,"href":"https:\/\/serveiseducatius.xtec.cat\/altmaresme\/wp-json\/wp\/v2\/categories?post=14672"},{"taxonomy":"post_tag","embeddable":true,"href":"https:\/\/serveiseducatius.xtec.cat\/altmaresme\/wp-json\/wp\/v2\/tags?post=14672"}],"curies":[{"name":"wp","href":"https:\/\/api.w.org\/{rel}","templated":true}]}}