{"id":14658,"date":"2021-09-22T09:48:20","date_gmt":"2021-09-22T07:48:20","guid":{"rendered":"https:\/\/serveiseducatius.xtec.cat\/altmaresme\/?p=14658"},"modified":"2021-09-22T09:48:20","modified_gmt":"2021-09-22T07:48:20","slug":"formacio-oberta-des-del-servei-de-suport-i-recursos-linguistics-sobre-competencia-literaria","status":"publish","type":"post","link":"https:\/\/serveiseducatius.xtec.cat\/altmaresme\/portada\/formacio-oberta-des-del-servei-de-suport-i-recursos-linguistics-sobre-competencia-literaria\/","title":{"rendered":"Formaci\u00f3 oberta des del servei de suport i recursos ling\u00fc\u00edstics sobre compet\u00e8ncia liter\u00e0ria"},"content":{"rendered":"<div>\n<p><span style=\"text-decoration: underline;\"><strong>PRIM\u00c0RIA<\/strong><\/span><\/p>\n<p>Ja podeu consultar l\u2019oferta de formaci\u00f3 del programa El Gust per la Lectura.<\/p>\n<p>En aquesta\u00a0<strong><a href=\"https:\/\/drive.google.com\/file\/d\/1KvHdI9dXHAOp-RUXFbH3wGoC9iglsgj0\/view?usp=sharing\">Infografia<\/a><\/strong> hi trobareu els enlla\u00e7os d\u2019inscripci\u00f3.\u00a0 <span style=\"text-decoration: underline;\"><strong>Termini: 13-26 setembre.<\/strong><\/span><\/p>\n<\/div>\n<div><a href=\"https:\/\/projectes.xtec.cat\/bescat\/general\/formacions-de-competencia-literaria-curs-2021-2022-educacio-primaria\/\">M\u00e9s informaci\u00f3 des de la p\u00e0gina de biblioteques escolars de Catalunya<\/a><\/div>\n<div><\/div>\n<div>\n<p><span style=\"text-decoration: underline;\"><strong>SECUND\u00c0RIA<\/strong><\/span><\/p>\n<p>Podeu consultar l\u2019oferta de formaci\u00f3 de compet\u00e8ncia liter\u00e0ria per a ESO i Batxillerat en aquesta infografia, on trobareu els enlla\u00e7os d\u2019inscripci\u00f3:\u00a0<strong><a href=\"https:\/\/projectes.xtec.cat\/bescat\/wp-content\/uploads\/usu793\/2021\/09\/COMPETENCIA-LITERARIA-4-1-1.pdf\" target=\"_blank\" rel=\"noopener\">Infografia<\/a><\/strong><\/p>\n<\/div>\n<div><a href=\"https:\/\/projectes.xtec.cat\/bescat\/general\/formacions-de-competencia-literaria-curs-2021-2022-eso-i-batxillerat\/\">M\u00e9s informaci\u00f3 des de la p\u00e0gina de biblioteques escolars de Catalunya.<\/a><\/div>\n","protected":false},"excerpt":{"rendered":"<p>PRIM\u00c0RIA<br \/>\nJa podeu consultar l\u2019oferta de formaci\u00f3 del programa El Gust per la Lectura.<br \/>\nEn aquesta\u00a0<a href=\"https:\/\/drive.google.com\/file\/d\/1KvHdI9dXHAOp-RUXFbH3wGoC9iglsgj0\/view?usp=sharing\">Infografia<\/a> hi trobareu els enlla\u00e7os d\u2019inscripci\u00f3.\u00a0 Termini: 13-26 setembre.<\/p>\n<p><a href=\"https:\/\/projectes.xtec.cat\/bescat\/general\/formacions-de-competencia-literaria-curs-2021-2022-educacio-primaria\/\">M\u00e9s informaci\u00f3 des de la p\u00e0gina de biblioteques escolars de Catalunya<\/a><\/p>\n<p>SECUND\u00c0RIA<br \/>\nPodeu consultar l\u2019oferta de formaci\u00f3 de compet\u00e8ncia liter\u00e0ria per a ESO i&hellip;  <a href=\"https:\/\/serveiseducatius.xtec.cat\/altmaresme\/portada\/formacio-oberta-des-del-servei-de-suport-i-recursos-linguistics-sobre-competencia-literaria\/\" title=\"Read Formaci\u00f3 oberta des del servei de suport i recursos ling\u00fc\u00edstics sobre compet\u00e8ncia liter\u00e0ria\">Llegeix m\u00e9s\u00bb<\/a><\/p>\n","protected":false},"author":137,"featured_media":14660,"comment_status":"open","ping_status":"closed","sticky":false,"template":"","format":"standard","meta":{"_bbp_topic_count":0,"_bbp_reply_count":0,"_bbp_total_topic_count":0,"_bbp_total_reply_count":0,"_bbp_voice_count":0,"_bbp_anonymous_reply_count":0,"_bbp_topic_count_hidden":0,"_bbp_reply_count_hidden":0,"_bbp_forum_subforum_count":0,"footnotes":""},"categories":[1051,29,1046,1045],"tags":[],"class_list":["post-14658","post","type-post","status-publish","format-standard","has-post-thumbnail","hentry","category-formacio","category-portada","category-primaria","category-secundaria"],"post_mailing_queue_ids":[],"_links":{"self":[{"href":"https:\/\/serveiseducatius.xtec.cat\/altmaresme\/wp-json\/wp\/v2\/posts\/14658","targetHints":{"allow":["GET"]}}],"collection":[{"href":"https:\/\/serveiseducatius.xtec.cat\/altmaresme\/wp-json\/wp\/v2\/posts"}],"about":[{"href":"https:\/\/serveiseducatius.xtec.cat\/altmaresme\/wp-json\/wp\/v2\/types\/post"}],"author":[{"embeddable":true,"href":"https:\/\/serveiseducatius.xtec.cat\/altmaresme\/wp-json\/wp\/v2\/users\/137"}],"replies":[{"embeddable":true,"href":"https:\/\/serveiseducatius.xtec.cat\/altmaresme\/wp-json\/wp\/v2\/comments?post=14658"}],"version-history":[{"count":1,"href":"https:\/\/serveiseducatius.xtec.cat\/altmaresme\/wp-json\/wp\/v2\/posts\/14658\/revisions"}],"predecessor-version":[{"id":14661,"href":"https:\/\/serveiseducatius.xtec.cat\/altmaresme\/wp-json\/wp\/v2\/posts\/14658\/revisions\/14661"}],"wp:featuredmedia":[{"embeddable":true,"href":"https:\/\/serveiseducatius.xtec.cat\/altmaresme\/wp-json\/wp\/v2\/media\/14660"}],"wp:attachment":[{"href":"https:\/\/serveiseducatius.xtec.cat\/altmaresme\/wp-json\/wp\/v2\/media?parent=14658"}],"wp:term":[{"taxonomy":"category","embeddable":true,"href":"https:\/\/serveiseducatius.xtec.cat\/altmaresme\/wp-json\/wp\/v2\/categories?post=14658"},{"taxonomy":"post_tag","embeddable":true,"href":"https:\/\/serveiseducatius.xtec.cat\/altmaresme\/wp-json\/wp\/v2\/tags?post=14658"}],"curies":[{"name":"wp","href":"https:\/\/api.w.org\/{rel}","templated":true}]}}