{"id":14582,"date":"2021-09-14T10:31:42","date_gmt":"2021-09-14T08:31:42","guid":{"rendered":"https:\/\/serveiseducatius.xtec.cat\/altmaresme\/?p=14582"},"modified":"2021-09-13T10:30:47","modified_gmt":"2021-09-13T08:30:47","slug":"oferta-formativa-en-llengues-estrangeres-organitzada-des-del-servei-de-formacio-i-desenvolupament-professional-del-professorat","status":"publish","type":"post","link":"https:\/\/serveiseducatius.xtec.cat\/altmaresme\/portada\/oferta-formativa-en-llengues-estrangeres-organitzada-des-del-servei-de-formacio-i-desenvolupament-professional-del-professorat\/","title":{"rendered":"Oferta formativa en lleng\u00fces estrangeres organitzada des del Servei de Formaci\u00f3 i Desenvolupament Professional del Professorat"},"content":{"rendered":"<p style=\"font-weight: 400;\">Oferta formativa en lleng\u00fces estrangeres organitzada des del Servei de Formaci\u00f3 i Desenvolupament Professional del Professorat.<\/p>\n<p style=\"font-weight: 400;\">El per\u00edode\u00a0<strong>d&#8217;inscripci\u00f3<\/strong>\u00a0a les activitats\u00a0comen\u00e7a avui\u00a0<strong>dia 13 de setembre i acaba el 26 de setembre de 2021<\/strong>. Podreu consultar l&#8217;adjudicaci\u00f3 a<strong>\u00a0partir del 8 d&#8217;octubre.<\/strong><\/p>\n<p style=\"font-weight: 400;\">A continuaci\u00f3, trobareu un seguit d&#8217;enlla\u00e7os al web de la XTEC on podeu consultar l&#8217;oferta formativa i fer la inscripci\u00f3 a les\u00a0activitats\u00a0(actualment continuen sent nom\u00e9s cursos telem\u00e0tics).<\/p>\n<p style=\"font-weight: 400;\"><strong>IMPORTANT:<\/strong>\u00a0<strong>cada docent nom\u00e9s es pot inscriure a un m\u00e0xim de dues\u00a0activitats\u00a0en lleng\u00fces estrangeres de les quals apareixen a continuaci\u00f3 (un m\u00e0xim de dues\u00a0activitats\u00a0sumant les de metodologia i les d&#8217;AICLE, conjuntament):<\/strong><\/p>\n<p><strong>* Angl\u00e8s (metodologia):\u00a0\u00a0<\/strong><a href=\"http:\/\/xtec.gencat.cat\/ca\/formacio\/formaciogeneralprofessorat\/llengues\/metodologia-professorat-llengues-estrangeres\/angles\/\" data-saferedirecturl=\"https:\/\/www.google.com\/url?q=http:\/\/xtec.gencat.cat\/ca\/formacio\/formaciogeneralprofessorat\/llengues\/metodologia-professorat-llengues-estrangeres\/angles\/&amp;source=gmail&amp;ust=1631604732974000&amp;usg=AFQjCNFkP4zHqHj2gdfTyRIbfH0xZvZEaw\">Enlla\u00e7 oferta cursos i inscripci\u00f3<\/a><\/p>\n<p><strong>*<\/strong>S&#8217;ha fet una modificaci\u00f3 en les\u00a0<em><strong>Pills in English<\/strong><\/em>\u00a0per a docents de Secund\u00e0ria, en forma d&#8217;itineraris amb mini i macro\u00a0<em>pills<\/em>. Aquestes activitats i informaci\u00f3 de les mateixes es troba en el desplegable, sota el nom\u00a0<strong>Itineraris<\/strong>. La resta d&#8217;activitats formatives es troben en el desplegable\u00a0<strong>Cursos<\/strong>.<\/p>\n<p><strong>* Franc\u00e8s\u00a0(metodologia):\u00a0 \u00a0<\/strong><a href=\"http:\/\/xtec.gencat.cat\/ca\/formacio\/formaciogeneralprofessorat\/llengues\/metodologia-professorat-llengues-estrangeres\/frances\/\" data-saferedirecturl=\"https:\/\/www.google.com\/url?q=http:\/\/xtec.gencat.cat\/ca\/formacio\/formaciogeneralprofessorat\/llengues\/metodologia-professorat-llengues-estrangeres\/frances\/&amp;source=gmail&amp;ust=1631604732974000&amp;usg=AFQjCNG6DjHL-IRJjtCc8SSb2DBBsBrFNQ\">Enlla\u00e7 oferta cursos i inscripci\u00f3<\/a><\/p>\n<p><strong>* AICLE\/CLIL (angl\u00e8s) i AICLE\/EMILE (franc\u00e8s):\u00a0<\/strong><a href=\"http:\/\/xtec.gencat.cat\/ca\/formacio\/formaciogeneralprofessorat\/llengues\/aprenentatge-integrat-contingut-llengua-estrangera-aicle\/\" data-saferedirecturl=\"https:\/\/www.google.com\/url?q=http:\/\/xtec.gencat.cat\/ca\/formacio\/formaciogeneralprofessorat\/llengues\/aprenentatge-integrat-contingut-llengua-estrangera-aicle\/&amp;source=gmail&amp;ust=1631604732974000&amp;usg=AFQjCNFDn8nx4hjSfrgHVBf7FW-jG_IylA\">Enlla\u00e7 oferta cursos i inscripci\u00f3<\/a><\/p>\n<p><strong>* Alemany\u00a0<\/strong><strong>(metodologia)<\/strong><strong>:\u00a0<\/strong><a href=\"http:\/\/xtec.gencat.cat\/ca\/formacio\/formaciogeneralprofessorat\/llengues\/metodologia-professorat-llengues-estrangeres\/alemany\/\" data-saferedirecturl=\"https:\/\/www.google.com\/url?q=http:\/\/xtec.gencat.cat\/ca\/formacio\/formaciogeneralprofessorat\/llengues\/metodologia-professorat-llengues-estrangeres\/alemany\/&amp;source=gmail&amp;ust=1631604732974000&amp;usg=AFQjCNE55mLj2SwMCwhwZG9T-PqpHM-szQ\">Enlla\u00e7 oferta cursos i inscripci\u00f3<\/a><\/p>\n<p>M\u00e9s informaci\u00f3 sobre l\u2019oferta formativa per la internacionalitzaci\u00f3 de l\u2019educaci\u00f3 directament al nodes de\u00a0<a href=\"https:\/\/projectes.xtec.cat\/internacional\/general\/oferta-formativa-per-la-internacionalitzacio-de-leducacio\/?tg_rhash=90403b1a2e3483\">projectes internacionals.<\/a><\/p>\n","protected":false},"excerpt":{"rendered":"<p>Oferta formativa en lleng\u00fces estrangeres organitzada des del Servei de Formaci\u00f3 i Desenvolupament Professional del Professorat.<br \/>\nEl per\u00edode\u00a0d&#8217;inscripci\u00f3\u00a0a les activitats\u00a0comen\u00e7a avui\u00a0dia 13 de setembre i acaba el 26 de setembre de 2021. Podreu consultar l&#8217;adjudicaci\u00f3 a\u00a0partir del 8 d&#8217;octubre.<br \/>\nA continuaci\u00f3, trobareu un seguit d&#8217;enlla\u00e7os al web&hellip;  <a href=\"https:\/\/serveiseducatius.xtec.cat\/altmaresme\/portada\/oferta-formativa-en-llengues-estrangeres-organitzada-des-del-servei-de-formacio-i-desenvolupament-professional-del-professorat\/\" title=\"Read Oferta formativa en lleng\u00fces estrangeres organitzada des del Servei de Formaci\u00f3 i Desenvolupament Professional del Professorat\">Llegeix m\u00e9s\u00bb<\/a><\/p>\n","protected":false},"author":137,"featured_media":14583,"comment_status":"open","ping_status":"closed","sticky":false,"template":"","format":"standard","meta":{"_bbp_topic_count":0,"_bbp_reply_count":0,"_bbp_total_topic_count":0,"_bbp_total_reply_count":0,"_bbp_voice_count":0,"_bbp_anonymous_reply_count":0,"_bbp_topic_count_hidden":0,"_bbp_reply_count_hidden":0,"_bbp_forum_subforum_count":0,"footnotes":""},"categories":[1051,69,29,1046,1045],"tags":[],"class_list":["post-14582","post","type-post","status-publish","format-standard","has-post-thumbnail","hentry","category-formacio","category-plurilinguisme","category-portada","category-primaria","category-secundaria"],"post_mailing_queue_ids":[],"_links":{"self":[{"href":"https:\/\/serveiseducatius.xtec.cat\/altmaresme\/wp-json\/wp\/v2\/posts\/14582","targetHints":{"allow":["GET"]}}],"collection":[{"href":"https:\/\/serveiseducatius.xtec.cat\/altmaresme\/wp-json\/wp\/v2\/posts"}],"about":[{"href":"https:\/\/serveiseducatius.xtec.cat\/altmaresme\/wp-json\/wp\/v2\/types\/post"}],"author":[{"embeddable":true,"href":"https:\/\/serveiseducatius.xtec.cat\/altmaresme\/wp-json\/wp\/v2\/users\/137"}],"replies":[{"embeddable":true,"href":"https:\/\/serveiseducatius.xtec.cat\/altmaresme\/wp-json\/wp\/v2\/comments?post=14582"}],"version-history":[{"count":1,"href":"https:\/\/serveiseducatius.xtec.cat\/altmaresme\/wp-json\/wp\/v2\/posts\/14582\/revisions"}],"predecessor-version":[{"id":14584,"href":"https:\/\/serveiseducatius.xtec.cat\/altmaresme\/wp-json\/wp\/v2\/posts\/14582\/revisions\/14584"}],"wp:featuredmedia":[{"embeddable":true,"href":"https:\/\/serveiseducatius.xtec.cat\/altmaresme\/wp-json\/wp\/v2\/media\/14583"}],"wp:attachment":[{"href":"https:\/\/serveiseducatius.xtec.cat\/altmaresme\/wp-json\/wp\/v2\/media?parent=14582"}],"wp:term":[{"taxonomy":"category","embeddable":true,"href":"https:\/\/serveiseducatius.xtec.cat\/altmaresme\/wp-json\/wp\/v2\/categories?post=14582"},{"taxonomy":"post_tag","embeddable":true,"href":"https:\/\/serveiseducatius.xtec.cat\/altmaresme\/wp-json\/wp\/v2\/tags?post=14582"}],"curies":[{"name":"wp","href":"https:\/\/api.w.org\/{rel}","templated":true}]}}