{"id":14563,"date":"2021-09-13T09:01:51","date_gmt":"2021-09-13T07:01:51","guid":{"rendered":"https:\/\/serveiseducatius.xtec.cat\/altmaresme\/?p=14563"},"modified":"2021-09-15T08:23:26","modified_gmt":"2021-09-15T06:23:26","slug":"mostra-de-projectes-de-batxillerat-escenic","status":"publish","type":"post","link":"https:\/\/serveiseducatius.xtec.cat\/altmaresme\/general\/mostra-de-projectes-de-batxillerat-escenic\/","title":{"rendered":"Mostra de projectes de batxillerat esc\u00e8nic."},"content":{"rendered":"<p class=\"has-text-align-justify\"><strong>Esc\u00e8nics en xarxa<\/strong> \u00e9s una formaci\u00f3 encaminada a dissenyar activitats art\u00edstiques de manera compartida amb els centres participants per tal d\u2019establir una transversalitat de les arts esc\u00e8niques i preparar una trobada conjunta en format de muntatge teatral que, aquest any s\u2019ha fet de manera format virtual, segons les instruccions 6\/2020 amb motiu del coronavirus SARS-CoV-2.<\/p>\n<p class=\"has-text-align-justify\">Esperem que el proper curs 2021\/2022 la situaci\u00f3 sanitaria canvi\u00ef i es pugui realitzar una trobada final amb tot l\u2019alumnat de 1r de batxillerat que cursi l\u2019especialitat d\u2019Arts esc\u00e8niques, M\u00fasica i dansa tutoritzat pel professorat participant en aquest grup de treball.<\/p>\n<p class=\"has-text-align-justify\">De moment aquest curs han pogut fer un recull d\u2019activitats i exercicis de t\u00e8cnica teatral a partir de les seves experi\u00e8ncies. Han treballat des de la\u00a0 transversalitat de les arts esc\u00e8niques: m\u00fasica dansa i teatre per mitj\u00e0 de textos de teatre musical i de la seva posada en escena. <a href=\"https:\/\/escenicsenxarxa.wordpress.com\/2021\/07\/22\/la-nostra-mostra\/\">Aqu\u00ed us deixem algunes de les propostes treballades en el grup.<\/a><\/p>\n<p>Aprofitem per informar-vos que a partir del 13 de setembre estar\u00e0 oberta la inscripci\u00f3 a aquest grup de treball destinat a professorat de centres amb oferta de batxillerat art\u00edstic de tot Catalunya.<\/p>\n<table border=\"0\" width=\"675\" cellspacing=\"2\" cellpadding=\"0\">\n<tbody>\n<tr>\n<td valign=\"TOP\">\n<h5><span style=\"font-family: arial, helvetica, geneva; font-size: small;\">A100341A10<\/span><\/h5>\n<\/td>\n<td valign=\"TOP\">\n<h5><span style=\"font-family: arial, helvetica, geneva; font-size: small;\"><b><a href=\"https:\/\/aplicacions.gestioeducativa.gencat.cat\/pls\/soloas\/pk_for_mod_ins.p_for_detall_activitat?p_header=Selecci%F3^pk_for_mod_ins.p_for_form_cons_act?p_excloure_crp_rec=F*Llista%20d%27activitats^pk_for_mod_ins.p_for_cons_activitats?p_crp=A10%26p_crp_txt=Maresme%20II.%20Pineda%20de%20Mar%26p_totes=S%26p_inici=31%26p_excloure_crp_rec=F&amp;p_codi=A100341A10&amp;p_curs=2021-2022&amp;p_excloure_crp_rec=F\">Muntatge art\u00edstic en xarxa<\/a><\/b><\/span><\/h5>\n<\/td>\n<\/tr>\n<\/tbody>\n<\/table>\n","protected":false},"excerpt":{"rendered":"<p>Esc\u00e8nics en xarxa \u00e9s una formaci\u00f3 encaminada a dissenyar activitats art\u00edstiques de manera compartida amb els centres participants per tal d\u2019establir una transversalitat de les arts esc\u00e8niques i preparar una trobada conjunta en format de muntatge teatral que, aquest any s\u2019ha fet de manera format&hellip;  <a href=\"https:\/\/serveiseducatius.xtec.cat\/altmaresme\/general\/mostra-de-projectes-de-batxillerat-escenic\/\" title=\"Read Mostra de projectes de batxillerat esc\u00e8nic.\">Llegeix m\u00e9s\u00bb<\/a><\/p>\n","protected":false},"author":73,"featured_media":14564,"comment_status":"open","ping_status":"closed","sticky":false,"template":"","format":"standard","meta":{"_bbp_topic_count":0,"_bbp_reply_count":0,"_bbp_total_topic_count":0,"_bbp_total_reply_count":0,"_bbp_voice_count":0,"_bbp_anonymous_reply_count":0,"_bbp_topic_count_hidden":0,"_bbp_reply_count_hidden":0,"_bbp_forum_subforum_count":0,"footnotes":""},"categories":[1,29],"tags":[],"class_list":["post-14563","post","type-post","status-publish","format-standard","has-post-thumbnail","hentry","category-general","category-portada"],"post_mailing_queue_ids":[],"_links":{"self":[{"href":"https:\/\/serveiseducatius.xtec.cat\/altmaresme\/wp-json\/wp\/v2\/posts\/14563","targetHints":{"allow":["GET"]}}],"collection":[{"href":"https:\/\/serveiseducatius.xtec.cat\/altmaresme\/wp-json\/wp\/v2\/posts"}],"about":[{"href":"https:\/\/serveiseducatius.xtec.cat\/altmaresme\/wp-json\/wp\/v2\/types\/post"}],"author":[{"embeddable":true,"href":"https:\/\/serveiseducatius.xtec.cat\/altmaresme\/wp-json\/wp\/v2\/users\/73"}],"replies":[{"embeddable":true,"href":"https:\/\/serveiseducatius.xtec.cat\/altmaresme\/wp-json\/wp\/v2\/comments?post=14563"}],"version-history":[{"count":3,"href":"https:\/\/serveiseducatius.xtec.cat\/altmaresme\/wp-json\/wp\/v2\/posts\/14563\/revisions"}],"predecessor-version":[{"id":14572,"href":"https:\/\/serveiseducatius.xtec.cat\/altmaresme\/wp-json\/wp\/v2\/posts\/14563\/revisions\/14572"}],"wp:featuredmedia":[{"embeddable":true,"href":"https:\/\/serveiseducatius.xtec.cat\/altmaresme\/wp-json\/wp\/v2\/media\/14564"}],"wp:attachment":[{"href":"https:\/\/serveiseducatius.xtec.cat\/altmaresme\/wp-json\/wp\/v2\/media?parent=14563"}],"wp:term":[{"taxonomy":"category","embeddable":true,"href":"https:\/\/serveiseducatius.xtec.cat\/altmaresme\/wp-json\/wp\/v2\/categories?post=14563"},{"taxonomy":"post_tag","embeddable":true,"href":"https:\/\/serveiseducatius.xtec.cat\/altmaresme\/wp-json\/wp\/v2\/tags?post=14563"}],"curies":[{"name":"wp","href":"https:\/\/api.w.org\/{rel}","templated":true}]}}