{"id":14298,"date":"2021-06-17T10:45:25","date_gmt":"2021-06-17T08:45:25","guid":{"rendered":"http:\/\/serveiseducatius.xtec.cat\/altmaresme\/?p=14298"},"modified":"2021-06-17T10:42:37","modified_gmt":"2021-06-17T08:42:37","slug":"els-infants-de-caldetes-coneixen-tots-els-espais-i-tasques-dun-museu","status":"publish","type":"post","link":"https:\/\/serveiseducatius.xtec.cat\/altmaresme\/portada\/els-infants-de-caldetes-coneixen-tots-els-espais-i-tasques-dun-museu\/","title":{"rendered":"Us imagineu l&#8217;experi\u00e8ncia de tocar un Picasso que els propis infants han localitzat al magatzem de la Fundaci\u00f3 Palau o tenir les seves obres exposades a la mateixa que un Mir\u00f3?\u00a0"},"content":{"rendered":"<p>La setmana passada es va inaugurar l&#8217;exposici\u00f3 <strong>\u201cPetits grans artistes\u201d\u00a0<\/strong>emmarcat en un projecte de col\u00b7laboraci\u00f3 amb la Fundaci\u00f3 Palau <strong>\u201cAprendre a fer una exposici\u00f3\u201d .<\/strong><\/p>\n<p>A partir de l&#8217;11 i fins al 20 de juny l&#8217;alumnat de 5\u00e8 fa torns per fer de guies d&#8217;aquesta exposici\u00f3 que cont\u00e9 obres d&#8217;art de tots els infants de l\u2019Escola Sagrada Fam\u00edlia de Caldes d\u2019Estrac. Una selecci\u00f3 feta per cadascun d&#8217;ells i elles posant el seu ull cr\u00edtic en les pr\u00f2pies obres.<\/p>\n<p>Aquesta exposici\u00f3 \u00e9s la culminaci\u00f3 d&#8217;una feina pr\u00e8via per arribar a con\u00e8ixer de primera m\u00e0 tots els aspectes que cal tenir en compte a l\u2019hora d\u2019organitzar-la. Sessions pr\u00e8vies que es duen a terme amb professionals de la Fundaci\u00f3 Palau, pares de l\u2019escola vinculats en el m\u00f3n de l\u2019\u00e0mbit art\u00edstic i professionals externs.\u00a0 Transport i muntatge, disseny, comissariat, visites i guies, m\u00e0rqueting i sponsors i l&#8217;experi\u00e8ncia de l&#8217;artista s\u00f3n tots els aspectes d&#8217;un museu que aquests infants coneixen en primera persona i despr\u00e9s posen en pr\u00e0ctica.<\/p>\n<p>Tot aix\u00f2 comporta tamb\u00e9 tot un treball previ de: creaci\u00f3 del cartell general, de cadascun dels cartel\u00b7les individuals de les obres, del fullet\u00f3 explicatiu que rep cada persona a l&#8217;exposici\u00f3, el recull audiovisual que es projecta a la sala, la preparaci\u00f3 de l&#8217;explicaci\u00f3 per part dels infants guies&#8230;i, un llarg etc., que resumeixen un projecte multidisciplinari i vivencial molt enriquidor.<\/p>\n<p><a href=\"https:\/\/www.fundaciopalau.cat\/event\/petits-grans-artistes\/\">M\u00e9s informaci\u00f3 sobre l&#8217;exposici\u00f3&#8230;<\/a><\/p>\n<p><a href=\"https:\/\/blocs.xtec.cat\/escsagradafamiliadecaldesdestrac\/petits-grans-artistes\/\">M\u00e9s informaci\u00f3 sobre el projecte&#8230;<\/a><\/p>\n<p style=\"text-align: center;\"><a href=\"https:\/\/photos.app.goo.gl\/ugU6mDWHr5UBkvL77\" target=\"_blank\" rel=\"https:\/\/photos.app.goo.gl\/ugU6mDWHr5UBkvL77 noopener noreferrer\"><img loading=\"lazy\" decoding=\"async\" class=\"aligncenter\" src=\"https:\/\/lh3.googleusercontent.com\/pw\/ACtC-3euL5BY0YlMjUfsqbijHfAZeC3bISij05FqrF8db-4GYv_hrrrH894-xAmM0Q3LZyaHglNTipNDAUBwhHHx3z1FJKGH8ne6BAf8qTQuwzdB_RgtCjTpbA3VpGBZONvFbGs24tYR504qLZeNWHlEZY6O=w1344-h757-no?authuser=0\" alt=\"\" width=\"1344\" height=\"757\" \/><\/a><\/p>\n<p style=\"text-align: center;\"><a href=\"https:\/\/photos.app.goo.gl\/ugU6mDWHr5UBkvL77\">Recull fotogr\u00e0fic de la inauguraci\u00f3<\/a><\/p>\n","protected":false},"excerpt":{"rendered":"<p>La setmana passada es va inaugurar l&#8217;exposici\u00f3 \u201cPetits grans artistes\u201d\u00a0emmarcat en un projecte de col\u00b7laboraci\u00f3 amb la Fundaci\u00f3 Palau \u201cAprendre a fer una exposici\u00f3\u201d .<br \/>\nA partir de l&#8217;11 i fins al 20 de juny l&#8217;alumnat de 5\u00e8 fa torns per fer de guies d&#8217;aquesta exposici\u00f3&hellip;  <a href=\"https:\/\/serveiseducatius.xtec.cat\/altmaresme\/portada\/els-infants-de-caldetes-coneixen-tots-els-espais-i-tasques-dun-museu\/\" title=\"Read Us imagineu l&#8217;experi\u00e8ncia de tocar un Picasso que els propis infants han localitzat al magatzem de la Fundaci\u00f3 Palau o tenir les seves obres exposades a la mateixa que un Mir\u00f3?\u00a0\">Llegeix m\u00e9s\u00bb<\/a><\/p>\n","protected":false},"author":137,"featured_media":14299,"comment_status":"open","ping_status":"closed","sticky":false,"template":"","format":"standard","meta":{"_bbp_topic_count":0,"_bbp_reply_count":0,"_bbp_total_topic_count":0,"_bbp_total_reply_count":0,"_bbp_voice_count":0,"_bbp_anonymous_reply_count":0,"_bbp_topic_count_hidden":0,"_bbp_reply_count_hidden":0,"_bbp_forum_subforum_count":0,"footnotes":""},"categories":[29,1046],"tags":[],"class_list":["post-14298","post","type-post","status-publish","format-standard","has-post-thumbnail","hentry","category-portada","category-primaria"],"post_mailing_queue_ids":[],"_links":{"self":[{"href":"https:\/\/serveiseducatius.xtec.cat\/altmaresme\/wp-json\/wp\/v2\/posts\/14298","targetHints":{"allow":["GET"]}}],"collection":[{"href":"https:\/\/serveiseducatius.xtec.cat\/altmaresme\/wp-json\/wp\/v2\/posts"}],"about":[{"href":"https:\/\/serveiseducatius.xtec.cat\/altmaresme\/wp-json\/wp\/v2\/types\/post"}],"author":[{"embeddable":true,"href":"https:\/\/serveiseducatius.xtec.cat\/altmaresme\/wp-json\/wp\/v2\/users\/137"}],"replies":[{"embeddable":true,"href":"https:\/\/serveiseducatius.xtec.cat\/altmaresme\/wp-json\/wp\/v2\/comments?post=14298"}],"version-history":[{"count":4,"href":"https:\/\/serveiseducatius.xtec.cat\/altmaresme\/wp-json\/wp\/v2\/posts\/14298\/revisions"}],"predecessor-version":[{"id":14319,"href":"https:\/\/serveiseducatius.xtec.cat\/altmaresme\/wp-json\/wp\/v2\/posts\/14298\/revisions\/14319"}],"wp:featuredmedia":[{"embeddable":true,"href":"https:\/\/serveiseducatius.xtec.cat\/altmaresme\/wp-json\/wp\/v2\/media\/14299"}],"wp:attachment":[{"href":"https:\/\/serveiseducatius.xtec.cat\/altmaresme\/wp-json\/wp\/v2\/media?parent=14298"}],"wp:term":[{"taxonomy":"category","embeddable":true,"href":"https:\/\/serveiseducatius.xtec.cat\/altmaresme\/wp-json\/wp\/v2\/categories?post=14298"},{"taxonomy":"post_tag","embeddable":true,"href":"https:\/\/serveiseducatius.xtec.cat\/altmaresme\/wp-json\/wp\/v2\/tags?post=14298"}],"curies":[{"name":"wp","href":"https:\/\/api.w.org\/{rel}","templated":true}]}}