{"id":14290,"date":"2021-06-14T09:12:45","date_gmt":"2021-06-14T07:12:45","guid":{"rendered":"http:\/\/serveiseducatius.xtec.cat\/altmaresme\/?p=14290"},"modified":"2021-06-14T09:12:45","modified_gmt":"2021-06-14T07:12:45","slug":"formacio-erasmus-ka120-convocatoria-2021","status":"publish","type":"post","link":"https:\/\/serveiseducatius.xtec.cat\/altmaresme\/portada\/formacio-erasmus-ka120-convocatoria-2021\/","title":{"rendered":"Formaci\u00f3 Erasmus+ KA120 convocat\u00f2ria 2021"},"content":{"rendered":"<p style=\"font-weight: 400;\">Activitat de formaci\u00f3 amb modalitat de seminari de coordinaci\u00f3 que tracta el proc\u00e9s de sol\u00b7licitud de propostes en el marc del programa Europeu Erasmus+ KA120.<\/p>\n<p style=\"font-weight: 400;\">Adre\u00e7ada exclusivament a centres que hagin decidit participar a la convocat\u00f2ria del Programa Erasmus+ 2021 del sector escolar i d&#8217;adults. Inici de l&#8217;activitat el 8 de juliol.<\/p>\n<p style=\"font-weight: 400;\">Us compartim el codi i enlla\u00e7 per formalitzar la inscripci\u00f3 a l&#8217;activitat:<\/p>\n<p style=\"font-weight: 400;\">9000100542\u00a0<a href=\"https:\/\/aplicacions.gestioeducativa.gencat.cat\/pls\/soloas\/pk_for_mod_ins.p_for_detall_activitat?p_codi=9000100542&amp;p_curs=2021-2022&amp;p_es_inscr=S\" data-saferedirecturl=\"https:\/\/www.google.com\/url?q=https:\/\/aplicacions.gestioeducativa.gencat.cat\/pls\/soloas\/pk_for_mod_ins.p_for_detall_activitat?p_codi%3D9000100542%26p_curs%3D2021-2022%26p_es_inscr%3DS&amp;source=gmail&amp;ust=1623739824736000&amp;usg=AFQjCNHFoZAnGJxMZnUWeHluPEoBumXMPg\">Formaci\u00f3 adre\u00e7ada als centres sol\u00b7licitants projecte Erasmus+ KA120 convocat\u00f2ria 2021<\/a><\/p>\n<p><strong>CALENDARI\u00a0<\/strong><\/p>\n<table border=\"0\" cellspacing=\"0\" cellpadding=\"0\">\n<tbody>\n<tr>\n<td align=\"RIGHT\" valign=\"TOP\"><b><span style=\"font-family: arial, helvetica, geneva; font-size: small;\">Inscripci\u00f3\u00a0\u00a0<\/span><\/b><\/td>\n<td valign=\"TOP\"><span style=\"font-family: arial, helvetica, geneva; font-size: small;\">01\/06\/2021 &#8211; 08\/07\/2021<\/span><\/td>\n<\/tr>\n<\/tbody>\n<\/table>\n<p>&nbsp;<\/p>\n<table border=\"0\" cellspacing=\"0\" cellpadding=\"0\">\n<tbody>\n<tr>\n<td><span style=\"font-family: Arial; font-size: small;\">\u00a0Sessi\u00f3 1\u00a0<\/span><\/td>\n<td><span style=\"font-family: Arial; font-size: small;\">\u00a0dijous\u00a0<\/span><\/td>\n<td><span style=\"font-family: Arial; font-size: small;\">\u00a008\/07\/2021\u00a0<\/span><\/td>\n<td><span style=\"font-family: Arial; font-size: small;\">\u00a00930\u00a0<\/span><\/td>\n<td><span style=\"font-family: Arial; font-size: small;\">\u00a01230\u00a0<\/span><\/td>\n<\/tr>\n<tr>\n<td><span style=\"font-family: Arial; font-size: small;\">\u00a0Sessi\u00f3 2\u00a0<\/span><\/td>\n<td><span style=\"font-family: Arial; font-size: small;\">\u00a0dimarts\u00a0<\/span><\/td>\n<td><span style=\"font-family: Arial; font-size: small;\">\u00a007\/09\/2021\u00a0<\/span><\/td>\n<td><span style=\"font-family: Arial; font-size: small;\">\u00a00930\u00a0<\/span><\/td>\n<td><span style=\"font-family: Arial; font-size: small;\">\u00a01330\u00a0<\/span><\/td>\n<\/tr>\n<tr>\n<td><span style=\"font-family: Arial; font-size: small;\">\u00a0Sessi\u00f3 3\u00a0<\/span><\/td>\n<td><span style=\"font-family: Arial; font-size: small;\">\u00a0dijous\u00a0<\/span><\/td>\n<td><span style=\"font-family: Arial; font-size: small;\">\u00a028\/10\/2021\u00a0<\/span><\/td>\n<td><span style=\"font-family: Arial; font-size: small;\">\u00a00930\u00a0<\/span><\/td>\n<td><span style=\"font-family: Arial; font-size: small;\">\u00a01230<\/span><\/td>\n<\/tr>\n<\/tbody>\n<\/table>\n","protected":false},"excerpt":{"rendered":"<p>Activitat de formaci\u00f3 amb modalitat de seminari de coordinaci\u00f3 que tracta el proc\u00e9s de sol\u00b7licitud de propostes en el marc del programa Europeu Erasmus+ KA120.<br \/>\nAdre\u00e7ada exclusivament a centres que hagin decidit participar a la convocat\u00f2ria del Programa Erasmus+ 2021 del sector escolar i d&#8217;adults. Inici&hellip;  <a href=\"https:\/\/serveiseducatius.xtec.cat\/altmaresme\/portada\/formacio-erasmus-ka120-convocatoria-2021\/\" title=\"Read Formaci\u00f3 Erasmus+ KA120 convocat\u00f2ria 2021\">Llegeix m\u00e9s\u00bb<\/a><\/p>\n","protected":false},"author":137,"featured_media":13934,"comment_status":"open","ping_status":"closed","sticky":false,"template":"","format":"standard","meta":{"_bbp_topic_count":0,"_bbp_reply_count":0,"_bbp_total_topic_count":0,"_bbp_total_reply_count":0,"_bbp_voice_count":0,"_bbp_anonymous_reply_count":0,"_bbp_topic_count_hidden":0,"_bbp_reply_count_hidden":0,"_bbp_forum_subforum_count":0,"footnotes":""},"categories":[1051,69,29,1046,1045],"tags":[],"class_list":["post-14290","post","type-post","status-publish","format-standard","has-post-thumbnail","hentry","category-formacio","category-plurilinguisme","category-portada","category-primaria","category-secundaria"],"post_mailing_queue_ids":[],"_links":{"self":[{"href":"https:\/\/serveiseducatius.xtec.cat\/altmaresme\/wp-json\/wp\/v2\/posts\/14290","targetHints":{"allow":["GET"]}}],"collection":[{"href":"https:\/\/serveiseducatius.xtec.cat\/altmaresme\/wp-json\/wp\/v2\/posts"}],"about":[{"href":"https:\/\/serveiseducatius.xtec.cat\/altmaresme\/wp-json\/wp\/v2\/types\/post"}],"author":[{"embeddable":true,"href":"https:\/\/serveiseducatius.xtec.cat\/altmaresme\/wp-json\/wp\/v2\/users\/137"}],"replies":[{"embeddable":true,"href":"https:\/\/serveiseducatius.xtec.cat\/altmaresme\/wp-json\/wp\/v2\/comments?post=14290"}],"version-history":[{"count":3,"href":"https:\/\/serveiseducatius.xtec.cat\/altmaresme\/wp-json\/wp\/v2\/posts\/14290\/revisions"}],"predecessor-version":[{"id":14293,"href":"https:\/\/serveiseducatius.xtec.cat\/altmaresme\/wp-json\/wp\/v2\/posts\/14290\/revisions\/14293"}],"wp:featuredmedia":[{"embeddable":true,"href":"https:\/\/serveiseducatius.xtec.cat\/altmaresme\/wp-json\/wp\/v2\/media\/13934"}],"wp:attachment":[{"href":"https:\/\/serveiseducatius.xtec.cat\/altmaresme\/wp-json\/wp\/v2\/media?parent=14290"}],"wp:term":[{"taxonomy":"category","embeddable":true,"href":"https:\/\/serveiseducatius.xtec.cat\/altmaresme\/wp-json\/wp\/v2\/categories?post=14290"},{"taxonomy":"post_tag","embeddable":true,"href":"https:\/\/serveiseducatius.xtec.cat\/altmaresme\/wp-json\/wp\/v2\/tags?post=14290"}],"curies":[{"name":"wp","href":"https:\/\/api.w.org\/{rel}","templated":true}]}}