{"id":14270,"date":"2021-06-09T16:26:10","date_gmt":"2021-06-09T14:26:10","guid":{"rendered":"http:\/\/serveiseducatius.xtec.cat\/altmaresme\/?p=14270"},"modified":"2021-06-09T09:30:51","modified_gmt":"2021-06-09T07:30:51","slug":"ud-la-nostra-petjada-ecologica","status":"publish","type":"post","link":"https:\/\/serveiseducatius.xtec.cat\/altmaresme\/portada\/ud-la-nostra-petjada-ecologica\/","title":{"rendered":"UD: La nostra petjada ecol\u00f2gica"},"content":{"rendered":"<p>Aquesta unitat did\u00e0ctica est\u00e0 centrada en el desenvolupament sostenible i el consum responsable per la rellev\u00e0ncia social i ambiental de les conseq\u00fc\u00e8ncies del model de consum establert a nivell global, en concret pel que fa a productes alimentaris. Cal establir mecanismes de reflexi\u00f3 sobre aquest model amb l\u2019alumnat: Qu\u00e8 mengem? D\u2019on provenen els aliments? Quin \u00e9s el cost energ\u00e8tic i la petjada ecol\u00f2gica que es generen en consumir els productes? Com es gestiona l\u2019excedent de producci\u00f3 que deriva en malbaratament alimentari? De quina manera podem actuar per minimitzar els riscos ambientals i socials?. Mitjan\u00e7ant el desenvolupament del pensament cr\u00edtic, es pret\u00e9n que l\u2019alumnat analitzi les causes i les conseq\u00fc\u00e8ncies d\u2019un consum responsable, i que d\u2019aquesta reflexi\u00f3 es derivi un canvi en les pr\u00e0ctiques i els h\u00e0bits de consum quotidians, dins i fora de casa, aix\u00ed com la consci\u00e8ncia d\u2019estar contribuint a la just\u00edcia social.<\/p>\n<p><a href=\"https:\/\/www.kaidara.org\/ca\/recursos\/la-nostra-petjada-ecologica-no-es-nomes-questio-de-menjar\/\" target=\"_blank\" rel=\"noopener noreferrer\">La podreu descarregar de la web Kaidara<\/a><\/p>\n","protected":false},"excerpt":{"rendered":"<p>Aquesta unitat did\u00e0ctica est\u00e0 centrada en el desenvolupament sostenible i el consum responsable per la rellev\u00e0ncia social i ambiental de les conseq\u00fc\u00e8ncies del model de consum establert a nivell global, en concret pel que fa a productes alimentaris. Cal establir mecanismes de reflexi\u00f3 sobre aquest&hellip;  <a href=\"https:\/\/serveiseducatius.xtec.cat\/altmaresme\/portada\/ud-la-nostra-petjada-ecologica\/\" title=\"Read UD: La nostra petjada ecol\u00f2gica\">Llegeix m\u00e9s\u00bb<\/a><\/p>\n","protected":false},"author":1,"featured_media":14271,"comment_status":"open","ping_status":"closed","sticky":false,"template":"","format":"standard","meta":{"_bbp_topic_count":0,"_bbp_reply_count":0,"_bbp_total_topic_count":0,"_bbp_total_reply_count":0,"_bbp_voice_count":0,"_bbp_anonymous_reply_count":0,"_bbp_topic_count_hidden":0,"_bbp_reply_count_hidden":0,"_bbp_forum_subforum_count":0,"footnotes":""},"categories":[1057,29,1046,1045],"tags":[],"class_list":["post-14270","post","type-post","status-publish","format-standard","has-post-thumbnail","hentry","category-medi","category-portada","category-primaria","category-secundaria"],"post_mailing_queue_ids":[],"_links":{"self":[{"href":"https:\/\/serveiseducatius.xtec.cat\/altmaresme\/wp-json\/wp\/v2\/posts\/14270","targetHints":{"allow":["GET"]}}],"collection":[{"href":"https:\/\/serveiseducatius.xtec.cat\/altmaresme\/wp-json\/wp\/v2\/posts"}],"about":[{"href":"https:\/\/serveiseducatius.xtec.cat\/altmaresme\/wp-json\/wp\/v2\/types\/post"}],"author":[{"embeddable":true,"href":"https:\/\/serveiseducatius.xtec.cat\/altmaresme\/wp-json\/wp\/v2\/users\/1"}],"replies":[{"embeddable":true,"href":"https:\/\/serveiseducatius.xtec.cat\/altmaresme\/wp-json\/wp\/v2\/comments?post=14270"}],"version-history":[{"count":1,"href":"https:\/\/serveiseducatius.xtec.cat\/altmaresme\/wp-json\/wp\/v2\/posts\/14270\/revisions"}],"predecessor-version":[{"id":14272,"href":"https:\/\/serveiseducatius.xtec.cat\/altmaresme\/wp-json\/wp\/v2\/posts\/14270\/revisions\/14272"}],"wp:featuredmedia":[{"embeddable":true,"href":"https:\/\/serveiseducatius.xtec.cat\/altmaresme\/wp-json\/wp\/v2\/media\/14271"}],"wp:attachment":[{"href":"https:\/\/serveiseducatius.xtec.cat\/altmaresme\/wp-json\/wp\/v2\/media?parent=14270"}],"wp:term":[{"taxonomy":"category","embeddable":true,"href":"https:\/\/serveiseducatius.xtec.cat\/altmaresme\/wp-json\/wp\/v2\/categories?post=14270"},{"taxonomy":"post_tag","embeddable":true,"href":"https:\/\/serveiseducatius.xtec.cat\/altmaresme\/wp-json\/wp\/v2\/tags?post=14270"}],"curies":[{"name":"wp","href":"https:\/\/api.w.org\/{rel}","templated":true}]}}