{"id":14253,"date":"2021-06-05T10:17:14","date_gmt":"2021-06-05T08:17:14","guid":{"rendered":"http:\/\/serveiseducatius.xtec.cat\/altmaresme\/?p=14253"},"modified":"2022-05-31T15:11:40","modified_gmt":"2022-05-31T13:11:40","slug":"escoles-freta-roboresme-2021","status":"publish","type":"post","link":"https:\/\/serveiseducatius.xtec.cat\/altmaresme\/portada\/escoles-freta-roboresme-2021\/","title":{"rendered":"Escoles Freta. Roboresme 2021"},"content":{"rendered":"<p><a href=\"https:\/\/sites.google.com\/xtec.cat\/crp-roboresme\/roboresme-2021\/escoles-freta-calella?authuser=0\">Escoles FRETA Calella participa en la 7a Mostra online de Rob\u00f2tica i Programaci\u00f3 de l&#8217;Alt Maresme, amb el projecte &#8220;DISSENY i CONSTRUCCI\u00d3 D&#8217;UN SEM\u00c0FOR&#8221;<\/a> realitzat pels alumnes de segon d&#8217;ESO.<\/p>\n","protected":false},"excerpt":{"rendered":"<p><a href=\"https:\/\/sites.google.com\/xtec.cat\/crp-roboresme\/roboresme-2021\/escoles-freta-calella?authuser=0\">Escoles FRETA Calella participa en la 7a Mostra online de Rob\u00f2tica i Programaci\u00f3 de l&#8217;Alt Maresme, amb el projecte &#8220;DISSENY i CONSTRUCCI\u00d3 D&#8217;UN SEM\u00c0FOR&#8221;<\/a> realitzat pels alumnes de segon d&#8217;ESO.<\/p>\n","protected":false},"author":1,"featured_media":14244,"comment_status":"open","ping_status":"closed","sticky":false,"template":"","format":"standard","meta":{"_bbp_topic_count":0,"_bbp_reply_count":0,"_bbp_total_topic_count":0,"_bbp_total_reply_count":0,"_bbp_voice_count":0,"_bbp_anonymous_reply_count":0,"_bbp_topic_count_hidden":0,"_bbp_reply_count_hidden":0,"_bbp_forum_subforum_count":0,"footnotes":""},"categories":[1054,153,29,1045],"tags":[],"class_list":["post-14253","post","type-post","status-publish","format-standard","has-post-thumbnail","hentry","category-ambitdigital","category-pfz","category-portada","category-secundaria"],"post_mailing_queue_ids":[],"_links":{"self":[{"href":"https:\/\/serveiseducatius.xtec.cat\/altmaresme\/wp-json\/wp\/v2\/posts\/14253","targetHints":{"allow":["GET"]}}],"collection":[{"href":"https:\/\/serveiseducatius.xtec.cat\/altmaresme\/wp-json\/wp\/v2\/posts"}],"about":[{"href":"https:\/\/serveiseducatius.xtec.cat\/altmaresme\/wp-json\/wp\/v2\/types\/post"}],"author":[{"embeddable":true,"href":"https:\/\/serveiseducatius.xtec.cat\/altmaresme\/wp-json\/wp\/v2\/users\/1"}],"replies":[{"embeddable":true,"href":"https:\/\/serveiseducatius.xtec.cat\/altmaresme\/wp-json\/wp\/v2\/comments?post=14253"}],"version-history":[{"count":2,"href":"https:\/\/serveiseducatius.xtec.cat\/altmaresme\/wp-json\/wp\/v2\/posts\/14253\/revisions"}],"predecessor-version":[{"id":14255,"href":"https:\/\/serveiseducatius.xtec.cat\/altmaresme\/wp-json\/wp\/v2\/posts\/14253\/revisions\/14255"}],"wp:featuredmedia":[{"embeddable":true,"href":"https:\/\/serveiseducatius.xtec.cat\/altmaresme\/wp-json\/wp\/v2\/media\/14244"}],"wp:attachment":[{"href":"https:\/\/serveiseducatius.xtec.cat\/altmaresme\/wp-json\/wp\/v2\/media?parent=14253"}],"wp:term":[{"taxonomy":"category","embeddable":true,"href":"https:\/\/serveiseducatius.xtec.cat\/altmaresme\/wp-json\/wp\/v2\/categories?post=14253"},{"taxonomy":"post_tag","embeddable":true,"href":"https:\/\/serveiseducatius.xtec.cat\/altmaresme\/wp-json\/wp\/v2\/tags?post=14253"}],"curies":[{"name":"wp","href":"https:\/\/api.w.org\/{rel}","templated":true}]}}