{"id":14202,"date":"2021-05-18T08:59:58","date_gmt":"2021-05-18T06:59:58","guid":{"rendered":"http:\/\/serveiseducatius.xtec.cat\/altmaresme\/?p=14202"},"modified":"2021-05-18T08:59:58","modified_gmt":"2021-05-18T06:59:58","slug":"bibliolab-salvem-els-oceans-pineda","status":"publish","type":"post","link":"https:\/\/serveiseducatius.xtec.cat\/altmaresme\/portada\/bibliolab-salvem-els-oceans-pineda\/","title":{"rendered":"BiblioLab Salvem els oceans-Pineda"},"content":{"rendered":"<p>Aquest BiblioLab que porta el t\u00edtol <em>Salvem els oceans<\/em>, est\u00e0 realitzat per la il\u00b7lustradora Sandra Uve. Les persones participants podran comprovar en quin estat est\u00e0 el nostre mar. Podran observar a trav\u00e9s dels microscopis els micropl\u00e0stics que es poden trobar a l\u2019aigua. Tamb\u00e9 podran experimentar amb les aquarel\u00b7les per expressar quin mar volen tenir.<\/p>\n<p style=\"font-weight: 400;\">Activitat presencial, mantenint totes les mesures sanit\u00e0ries. Hi ha aforament limitat, per la qual cosa, cal inscripci\u00f3 pr\u00e8via i les places s\u00f3n limitades. \u00c9s una bona oportunitat per aprofundir els coneixements donats a l\u2019aula a trav\u00e9s de l\u2019experimentaci\u00f3.<\/p>\n<p style=\"text-align: center;\">Biblioteca M. Serra i Moret C\/del Progr\u00e9s, 22. 08397 Pineda de Mar Tel\u00e8fon 937 623 796<\/p>\n<p><a href=\"https:\/\/serveiseducatius.xtec.cat\/altmaresme\/wp-content\/uploads\/usu1140\/2021\/05\/BibliolabSalvemelsoceans.jpg\"><img loading=\"lazy\" decoding=\"async\" class=\"size-large wp-image-14204 aligncenter\" src=\"https:\/\/serveiseducatius.xtec.cat\/altmaresme\/wp-content\/uploads\/usu1140\/2021\/05\/BibliolabSalvemelsoceans-724x1024.jpg\" alt=\"\" width=\"724\" height=\"1024\" srcset=\"https:\/\/serveiseducatius.xtec.cat\/altmaresme\/wp-content\/uploads\/usu1140\/2021\/05\/BibliolabSalvemelsoceans-724x1024.jpg 724w, https:\/\/serveiseducatius.xtec.cat\/altmaresme\/wp-content\/uploads\/usu1140\/2021\/05\/BibliolabSalvemelsoceans-212x300.jpg 212w, https:\/\/serveiseducatius.xtec.cat\/altmaresme\/wp-content\/uploads\/usu1140\/2021\/05\/BibliolabSalvemelsoceans-768x1086.jpg 768w, https:\/\/serveiseducatius.xtec.cat\/altmaresme\/wp-content\/uploads\/usu1140\/2021\/05\/BibliolabSalvemelsoceans.jpg 1169w\" sizes=\"auto, (max-width: 724px) 100vw, 724px\" \/><\/a><\/p>\n","protected":false},"excerpt":{"rendered":"<p>Aquest BiblioLab que porta el t\u00edtol Salvem els oceans, est\u00e0 realitzat per la il\u00b7lustradora Sandra Uve. Les persones participants podran comprovar en quin estat est\u00e0 el nostre mar. Podran observar a trav\u00e9s dels microscopis els micropl\u00e0stics que es poden trobar a l\u2019aigua. Tamb\u00e9 podran experimentar&hellip;  <a href=\"https:\/\/serveiseducatius.xtec.cat\/altmaresme\/portada\/bibliolab-salvem-els-oceans-pineda\/\" title=\"Read BiblioLab Salvem els oceans-Pineda\">Llegeix m\u00e9s\u00bb<\/a><\/p>\n","protected":false},"author":137,"featured_media":13491,"comment_status":"open","ping_status":"closed","sticky":false,"template":"","format":"standard","meta":{"_bbp_topic_count":0,"_bbp_reply_count":0,"_bbp_total_topic_count":0,"_bbp_total_reply_count":0,"_bbp_voice_count":0,"_bbp_anonymous_reply_count":0,"_bbp_topic_count_hidden":0,"_bbp_reply_count_hidden":0,"_bbp_forum_subforum_count":0,"footnotes":""},"categories":[29,1046],"tags":[],"class_list":["post-14202","post","type-post","status-publish","format-standard","has-post-thumbnail","hentry","category-portada","category-primaria"],"post_mailing_queue_ids":[],"_links":{"self":[{"href":"https:\/\/serveiseducatius.xtec.cat\/altmaresme\/wp-json\/wp\/v2\/posts\/14202","targetHints":{"allow":["GET"]}}],"collection":[{"href":"https:\/\/serveiseducatius.xtec.cat\/altmaresme\/wp-json\/wp\/v2\/posts"}],"about":[{"href":"https:\/\/serveiseducatius.xtec.cat\/altmaresme\/wp-json\/wp\/v2\/types\/post"}],"author":[{"embeddable":true,"href":"https:\/\/serveiseducatius.xtec.cat\/altmaresme\/wp-json\/wp\/v2\/users\/137"}],"replies":[{"embeddable":true,"href":"https:\/\/serveiseducatius.xtec.cat\/altmaresme\/wp-json\/wp\/v2\/comments?post=14202"}],"version-history":[{"count":1,"href":"https:\/\/serveiseducatius.xtec.cat\/altmaresme\/wp-json\/wp\/v2\/posts\/14202\/revisions"}],"predecessor-version":[{"id":14205,"href":"https:\/\/serveiseducatius.xtec.cat\/altmaresme\/wp-json\/wp\/v2\/posts\/14202\/revisions\/14205"}],"wp:featuredmedia":[{"embeddable":true,"href":"https:\/\/serveiseducatius.xtec.cat\/altmaresme\/wp-json\/wp\/v2\/media\/13491"}],"wp:attachment":[{"href":"https:\/\/serveiseducatius.xtec.cat\/altmaresme\/wp-json\/wp\/v2\/media?parent=14202"}],"wp:term":[{"taxonomy":"category","embeddable":true,"href":"https:\/\/serveiseducatius.xtec.cat\/altmaresme\/wp-json\/wp\/v2\/categories?post=14202"},{"taxonomy":"post_tag","embeddable":true,"href":"https:\/\/serveiseducatius.xtec.cat\/altmaresme\/wp-json\/wp\/v2\/tags?post=14202"}],"curies":[{"name":"wp","href":"https:\/\/api.w.org\/{rel}","templated":true}]}}