{"id":14109,"date":"2021-05-07T11:13:13","date_gmt":"2021-05-07T09:13:13","guid":{"rendered":"http:\/\/serveiseducatius.xtec.cat\/altmaresme\/?p=14109"},"modified":"2021-05-07T11:13:13","modified_gmt":"2021-05-07T09:13:13","slug":"xiv-jornada-pedagogica-comic-barcelona","status":"publish","type":"post","link":"https:\/\/serveiseducatius.xtec.cat\/altmaresme\/portada\/xiv-jornada-pedagogica-comic-barcelona\/","title":{"rendered":"XIV Jornada Pedag\u00f2gica C\u00f2mic Barcelona"},"content":{"rendered":"<p>El proper 26 de maig tindr\u00e0 lloc, en format virtual, la XIV Jornada Pedag\u00f2gica C\u00f2mic Barcelona, organitzada pel Departament d\u2019Educaci\u00f3 en col\u00b7laboraci\u00f3 amb C\u00f2mic Barcelona. Constar\u00e0 de pon\u00e8ncia, presentaci\u00f3 de llibres i novetats i experi\u00e8ncies de centres.<\/p>\n<p>Podeu consultar el programa en aquest\u00a0<a href=\"https:\/\/projectes.xtec.cat\/bescat\/wp-content\/uploads\/usu793\/2021\/05\/prog_-XIV_jornada_comic.pdf\">enlla\u00e7.<\/a><\/p>\n<p>Data l\u00edmit d\u2019inscripci\u00f3: 21 de maig.<\/p>\n<p><a href=\"https:\/\/aplicacions.gestioeducativa.gencat.cat\/pls\/soloas\/pk_for_mod_ins.p_for_pre_cons_activitats?p_any=2020-2021&amp;p_codi=9000460555\">Enlla\u00e7 a inscripci\u00f3<\/a>.<\/p>\n","protected":false},"excerpt":{"rendered":"<p>El proper 26 de maig tindr\u00e0 lloc, en format virtual, la XIV Jornada Pedag\u00f2gica C\u00f2mic Barcelona, organitzada pel Departament d\u2019Educaci\u00f3 en col\u00b7laboraci\u00f3 amb C\u00f2mic Barcelona. Constar\u00e0 de pon\u00e8ncia, presentaci\u00f3 de llibres i novetats i experi\u00e8ncies de centres.<br \/>\nPodeu consultar el programa en aquest\u00a0<a href=\"https:\/\/projectes.xtec.cat\/bescat\/wp-content\/uploads\/usu793\/2021\/05\/prog_-XIV_jornada_comic.pdf\">enlla\u00e7.<\/a><br \/>\nData l\u00edmit d\u2019inscripci\u00f3:&hellip;  <a href=\"https:\/\/serveiseducatius.xtec.cat\/altmaresme\/portada\/xiv-jornada-pedagogica-comic-barcelona\/\" title=\"Read XIV Jornada Pedag\u00f2gica C\u00f2mic Barcelona\">Llegeix m\u00e9s\u00bb<\/a><\/p>\n","protected":false},"author":137,"featured_media":14110,"comment_status":"open","ping_status":"closed","sticky":false,"template":"","format":"standard","meta":{"_bbp_topic_count":0,"_bbp_reply_count":0,"_bbp_total_topic_count":0,"_bbp_total_reply_count":0,"_bbp_voice_count":0,"_bbp_anonymous_reply_count":0,"_bbp_topic_count_hidden":0,"_bbp_reply_count_hidden":0,"_bbp_forum_subforum_count":0,"footnotes":""},"categories":[1062,1051,29,1046,1045],"tags":[],"class_list":["post-14109","post","type-post","status-publish","format-standard","has-post-thumbnail","hentry","category-dinamitzacio","category-formacio","category-portada","category-primaria","category-secundaria"],"post_mailing_queue_ids":[],"_links":{"self":[{"href":"https:\/\/serveiseducatius.xtec.cat\/altmaresme\/wp-json\/wp\/v2\/posts\/14109","targetHints":{"allow":["GET"]}}],"collection":[{"href":"https:\/\/serveiseducatius.xtec.cat\/altmaresme\/wp-json\/wp\/v2\/posts"}],"about":[{"href":"https:\/\/serveiseducatius.xtec.cat\/altmaresme\/wp-json\/wp\/v2\/types\/post"}],"author":[{"embeddable":true,"href":"https:\/\/serveiseducatius.xtec.cat\/altmaresme\/wp-json\/wp\/v2\/users\/137"}],"replies":[{"embeddable":true,"href":"https:\/\/serveiseducatius.xtec.cat\/altmaresme\/wp-json\/wp\/v2\/comments?post=14109"}],"version-history":[{"count":1,"href":"https:\/\/serveiseducatius.xtec.cat\/altmaresme\/wp-json\/wp\/v2\/posts\/14109\/revisions"}],"predecessor-version":[{"id":14111,"href":"https:\/\/serveiseducatius.xtec.cat\/altmaresme\/wp-json\/wp\/v2\/posts\/14109\/revisions\/14111"}],"wp:featuredmedia":[{"embeddable":true,"href":"https:\/\/serveiseducatius.xtec.cat\/altmaresme\/wp-json\/wp\/v2\/media\/14110"}],"wp:attachment":[{"href":"https:\/\/serveiseducatius.xtec.cat\/altmaresme\/wp-json\/wp\/v2\/media?parent=14109"}],"wp:term":[{"taxonomy":"category","embeddable":true,"href":"https:\/\/serveiseducatius.xtec.cat\/altmaresme\/wp-json\/wp\/v2\/categories?post=14109"},{"taxonomy":"post_tag","embeddable":true,"href":"https:\/\/serveiseducatius.xtec.cat\/altmaresme\/wp-json\/wp\/v2\/tags?post=14109"}],"curies":[{"name":"wp","href":"https:\/\/api.w.org\/{rel}","templated":true}]}}