{"id":13937,"date":"2021-04-22T08:00:39","date_gmt":"2021-04-22T06:00:39","guid":{"rendered":"http:\/\/serveiseducatius.xtec.cat\/altmaresme\/?p=13937"},"modified":"2021-04-22T13:39:34","modified_gmt":"2021-04-22T11:39:34","slug":"el-nou-erasmus-ja-es-vigent-us-atreviu","status":"publish","type":"post","link":"https:\/\/serveiseducatius.xtec.cat\/altmaresme\/portada\/el-nou-erasmus-ja-es-vigent-us-atreviu\/","title":{"rendered":"El nou Erasmus+ ja \u00e9s vigent, us atreviu?"},"content":{"rendered":"<h4>Erasmus + pel per\u00edode 2021-2027<\/h4>\n<p>Des del <a href=\"http:\/\/sepie.es\/\">SEPI<\/a> s&#8217;ha presentat durant aquesta setmana la valoraci\u00f3 de l&#8217;anterior programa Erasmus aix\u00ed com el nou, mostrant-ne les difer\u00e8ncies.<\/p>\n<p>Els K1 s\u00f3n programes de mobilitat ara tant per alumnat com per a personal dels centres.<\/p>\n<p>Els K2 afegeixen la modalitat de col\u00b7laboracions a petita escala afavorint donar l&#8217;oportunitat a centres petits i\/o amb poca o cap experi\u00e8ncia Erasmus.<\/p>\n<p>Perqu\u00e8 des d&#8217;aquest nou programa es promociona la inclusi\u00f3 aix\u00ed com la transici\u00f3 digital i la sostenibilitat.<\/p>\n<p><a href=\"https:\/\/serveiseducatius.xtec.cat\/altmaresme\/wp-content\/uploads\/usu1140\/2021\/04\/erasmus-3eixos-1.png\"><img loading=\"lazy\" decoding=\"async\" class=\"wp-image-13936 size-full aligncenter\" src=\"https:\/\/serveiseducatius.xtec.cat\/altmaresme\/wp-content\/uploads\/usu1140\/2021\/04\/erasmus-3eixos-1.png\" alt=\"\" width=\"488\" height=\"308\" srcset=\"https:\/\/serveiseducatius.xtec.cat\/altmaresme\/wp-content\/uploads\/usu1140\/2021\/04\/erasmus-3eixos-1.png 488w, https:\/\/serveiseducatius.xtec.cat\/altmaresme\/wp-content\/uploads\/usu1140\/2021\/04\/erasmus-3eixos-1-300x189.png 300w\" sizes=\"auto, (max-width: 488px) 100vw, 488px\" \/><\/a><\/p>\n<p>Trobareu la presentaci\u00f3 dels diferents programes al <a href=\"https:\/\/www.youtube.com\/channel\/UCG9E4RhjlHrq3_uMKShDLYA\">canal youtube del SEPIE<\/a>.<\/p>\n<p><a href=\"https:\/\/www.youtube.com\/watch?v=UGkzMZWY7Ps\">Aquesta \u00e9s la presentaci\u00f3 de K1 per educaci\u00f3 escolar.<\/a><\/p>\n<p><a href=\"https:\/\/www.youtube.com\/watch?v=81yn1ghSeDQ\">Aquesta \u00e9s la presentaci\u00f3 dels projectes K2.<\/a><\/p>\n<p style=\"text-align: left;\">El SEPIE tamb\u00e9 ha publicat la <a href=\"http:\/\/sepie.es\/doc\/convocatoria\/2021\/2021-erasmusplus-programme-guide_v2_es.pdf\" target=\"_blank\" rel=\"noopener noreferrer\">Guia Erasmus+2021<\/a> que dona informaci\u00f3 sobre els objectius, les prioritats i les caracter\u00edstiques principals del nou programa Erasmus+. Trobareu informaci\u00f3 espec\u00edfica sobre les noves accions, el proc\u00e9s que caldr\u00e0 seguir per demanar subvencions i a quins projectes es poden adre\u00e7ar.<\/p>\n<p>Aqu\u00ed us enllacem la <a href=\"http:\/\/sepie.es\/doc\/convocatoria\/2021\/convocatoria.pdf\">Convocat\u00f2ria de propostes 2021 \u2014 EAC\/A01\/2021 <\/a>on veureu que el termini exhaureix en breu:<\/p>\n<table style=\"border-color: #000000; background-color: #b3a4a4;\">\n<tbody>\n<tr>\n<td style=\"border-style: dotted; width: 351px;\">Activitats de mobilitat (K1) 11 de maig a les 12.00h.<\/td>\n<\/tr>\n<tr>\n<td style=\"border-color: #000000; background-color: #bdb1b1; width: 351px; border-style: none;\">Activitat d&#8217;associacions (K2) 20 de maig a les 12.00h.<\/td>\n<\/tr>\n<\/tbody>\n<\/table>\n<p>Enlla\u00e7 a p\u00e0gina web del SEPIE amb acc\u00e9s a<a href=\"http:\/\/sepie.es\/convocatoria\/index.html\"> diferents documents de la convocat\u00f2ria<\/a>.<\/p>\n<p>Aqu\u00ed teniu l&#8217;enlla\u00e7 a la p\u00e0gina <a href=\"https:\/\/ec.europa.eu\/programmes\/erasmus-plus\/about_es\">web oficial de la Comissi\u00f3 Europea-Erasmus+<\/a><\/p>\n<p>Consideracions generals:<\/p>\n<p>-Cal que qualsevol petici\u00f3 estigui estrictament relacionada amb el projecte propi del centre i que la demanda sigui coherent amb el mateix.<\/p>\n<p>Consideracions a l&#8217;hora de demanar programes de mobilitat:<\/p>\n<p>-Regne Unit ja no forma part d&#8217;Erasmus+.<\/p>\n<p>-Si fins ara hav\u00edeu fet un KA101, KA219 o un KA229. Ara demanareu un KA1.<\/p>\n<p>-Si sou un centre acreditat Erasmus + teniu &#8220;carta blanca&#8221; i m\u00e9s facilitat a l&#8217;hora de fer els tr\u00e0mits (demanareu un KA121)<\/p>\n<p>-Si no sou un centre acreditat tamb\u00e9 podeu demanar un programa que ser\u00e0 de durada curta a trav\u00e9s del KA122. Tamb\u00e9 podeu unir-vos a un consorci o acollir alumnat i\/o professorat.<\/p>\n<p>-Les mobilitats per personal poden ser de 3 tipus: observaci\u00f3, doc\u00e8ncia o formaci\u00f3.<\/p>\n<p>-Les mobilitats d&#8217;alumnat poden ser en grup (m\u00edn. 2) o individuals (de curta o llarga durada)<\/p>\n<p>-Si un intercanvi \u00e9s bidireccional, el centre que us rebi tamb\u00e9 haur\u00e0 de sol\u00b7licitar el KA1 per tal de rebre la seva subvenci\u00f3 gestionada pel seu organisme nacional.<\/p>\n<p>-Si encara no teniu contacte amb centres de destinaci\u00f3 podeu buscar-los a trav\u00e9s de: els <a href=\"http:\/\/etwinning.es\/ca\/foros-en-el-twinspace\/\">f\u00f2rums eTwinning<\/a> o a <a href=\"https:\/\/www.schooleducationgateway.eu\/en\/pub\/opportunities\/partnerships.cfm\">SchoolEducationGateway.<\/a><\/p>\n<p>Consideracions administratives:<\/p>\n<p>-Caldr\u00e0 un representant legal que tingui <a href=\"https:\/\/www.sede.fnmt.gob.es\/ca\/certificados\/certificado-de-representante\">signatura electr\u00f2nica de representant de persona jur\u00eddica<\/a> (vincula la persona al centre).<\/p>\n<p>-Per qualsevol tr\u00e0mit tamb\u00e9 caldr\u00e0 tenir un compte <a href=\"https:\/\/webgate.ec.europa.eu\/fpfis\/wikis\/pages\/viewpage.action?spaceKey=NAITDOC&amp;title=EU+Login+-+European+Commission+Authentication+Service\">EU Login<\/a> (\u00fanic pel centre tamb\u00e9) Els comptes ECAS antics s&#8217;han transformat.<\/p>\n<p>-Caldr\u00e0 que el centre tingui un <a href=\"https:\/\/webgate.ec.europa.eu\/erasmus-esc\/organisation-registration\/screen\/home\">OID<\/a> (nou sistema de registre d&#8217;organitzacions) per la qual cosa cal la informaci\u00f3 legal i financera b\u00e0sica del centre.<\/p>\n<p>Si el centre ja disposa d&#8217;un PIC no caldr\u00e0 fer tot el tr\u00e0mit (les dades s&#8217;han transferit al <a title=\"Abre en ventana nueva\" href=\"https:\/\/ec.europa.eu\/info\/funding-tenders\/opportunities\/portal\/screen\/home\" target=\"_blank\" rel=\"noopener noreferrer\">Portal del Participant<\/a>)<\/p>\n<p>Aquest \u00e9s un identificador \u00fanic de la instituci\u00f3 que caldr\u00e0 custodiar.<\/p>\n<h4>Des del CRP ens oferim a ajudar-vos i acompanyar-vos en el proc\u00e9s en la mesura de les nostres possibilitats. Animeu-vos!!<\/h4>\n","protected":false},"excerpt":{"rendered":"<p>Erasmus + pel per\u00edode 2021-2027<br \/>\nDes del <a href=\"http:\/\/sepie.es\/\">SEPI<\/a> s&#8217;ha presentat durant aquesta setmana la valoraci\u00f3 de l&#8217;anterior programa Erasmus aix\u00ed com el nou, mostrant-ne les difer\u00e8ncies.<br \/>\nEls K1 s\u00f3n programes de mobilitat ara tant per alumnat com per a personal dels centres.<br \/>\nEls K2 afegeixen la modalitat&hellip;  <a href=\"https:\/\/serveiseducatius.xtec.cat\/altmaresme\/portada\/el-nou-erasmus-ja-es-vigent-us-atreviu\/\" title=\"Read El nou Erasmus+ ja \u00e9s vigent, us atreviu?\">Llegeix m\u00e9s\u00bb<\/a><\/p>\n","protected":false},"author":137,"featured_media":13934,"comment_status":"open","ping_status":"closed","sticky":false,"template":"","format":"standard","meta":{"_bbp_topic_count":0,"_bbp_reply_count":0,"_bbp_total_topic_count":0,"_bbp_total_reply_count":0,"_bbp_voice_count":0,"_bbp_anonymous_reply_count":0,"_bbp_topic_count_hidden":0,"_bbp_reply_count_hidden":0,"_bbp_forum_subforum_count":0,"footnotes":""},"categories":[1068,69,29,1046,1045],"tags":[],"class_list":["post-13937","post","type-post","status-publish","format-standard","has-post-thumbnail","hentry","category-gestio-de-centres","category-plurilinguisme","category-portada","category-primaria","category-secundaria"],"post_mailing_queue_ids":[],"_links":{"self":[{"href":"https:\/\/serveiseducatius.xtec.cat\/altmaresme\/wp-json\/wp\/v2\/posts\/13937","targetHints":{"allow":["GET"]}}],"collection":[{"href":"https:\/\/serveiseducatius.xtec.cat\/altmaresme\/wp-json\/wp\/v2\/posts"}],"about":[{"href":"https:\/\/serveiseducatius.xtec.cat\/altmaresme\/wp-json\/wp\/v2\/types\/post"}],"author":[{"embeddable":true,"href":"https:\/\/serveiseducatius.xtec.cat\/altmaresme\/wp-json\/wp\/v2\/users\/137"}],"replies":[{"embeddable":true,"href":"https:\/\/serveiseducatius.xtec.cat\/altmaresme\/wp-json\/wp\/v2\/comments?post=13937"}],"version-history":[{"count":2,"href":"https:\/\/serveiseducatius.xtec.cat\/altmaresme\/wp-json\/wp\/v2\/posts\/13937\/revisions"}],"predecessor-version":[{"id":13947,"href":"https:\/\/serveiseducatius.xtec.cat\/altmaresme\/wp-json\/wp\/v2\/posts\/13937\/revisions\/13947"}],"wp:featuredmedia":[{"embeddable":true,"href":"https:\/\/serveiseducatius.xtec.cat\/altmaresme\/wp-json\/wp\/v2\/media\/13934"}],"wp:attachment":[{"href":"https:\/\/serveiseducatius.xtec.cat\/altmaresme\/wp-json\/wp\/v2\/media?parent=13937"}],"wp:term":[{"taxonomy":"category","embeddable":true,"href":"https:\/\/serveiseducatius.xtec.cat\/altmaresme\/wp-json\/wp\/v2\/categories?post=13937"},{"taxonomy":"post_tag","embeddable":true,"href":"https:\/\/serveiseducatius.xtec.cat\/altmaresme\/wp-json\/wp\/v2\/tags?post=13937"}],"curies":[{"name":"wp","href":"https:\/\/api.w.org\/{rel}","templated":true}]}}