{"id":13880,"date":"2021-04-14T10:00:54","date_gmt":"2021-04-14T08:00:54","guid":{"rendered":"http:\/\/serveiseducatius.xtec.cat\/altmaresme\/?p=13880"},"modified":"2021-04-13T09:09:49","modified_gmt":"2021-04-13T07:09:49","slug":"jornada-on-line-dintercanvi-dexperiencies-aquiproubullying","status":"publish","type":"post","link":"https:\/\/serveiseducatius.xtec.cat\/altmaresme\/portada\/jornada-on-line-dintercanvi-dexperiencies-aquiproubullying\/","title":{"rendered":"Jornada on-line d\u2019intercanvi d\u2019experi\u00e8ncies #aquiproubullying"},"content":{"rendered":"<p>Com sabeu des del Servei d\u2019Escola i Fam\u00edlia de la Subdirecci\u00f3 general de Suport i Atenci\u00f3 a la comunitat educativa, s&#8217;impulsa el programa d\u2019innovaci\u00f3 pedag\u00f2gica #aquiproubullying. Aquest programa es va iniciar al 2017 i en l\u2019actualitat ja han certificat 125 centres la innovaci\u00f3 i 66 centres estan participant del programa.\u00a0<u><\/u><u><\/u><\/p>\n<p>En commemoraci\u00f3 del 2 de maig,\u00a0<a href=\"http:\/\/xtec.gencat.cat\/ca\/centres\/celebracions\/2020\/dia-internacional-contra-lassetjament-escolar\/\" target=\"_blank\" rel=\"noopener noreferrer\" data-saferedirecturl=\"https:\/\/www.google.com\/url?q=http:\/\/xtec.gencat.cat\/ca\/centres\/celebracions\/2020\/dia-internacional-contra-lassetjament-escolar\/&amp;source=gmail&amp;ust=1618382339227000&amp;usg=AFQjCNEXQMovTRApyXI9G9jRciK9rqRo2Q\">Dia Internacional contra l&#8217;assetjament i el ciberassetjament<\/a>, volem fer una jornada online d\u2019intercanvi d\u2019experi\u00e8ncies en l\u2019abordatge de l\u2019assetjament, fent especial \u00e8mfasi en els efectes de la pand\u00e8mia, les diferents intervencions a nivell de centre\u00a0 i de la import\u00e0ncia de la gesti\u00f3\u00a0 socioemocional en la resoluci\u00f3 positiva dels conflictes.<u><\/u><u><\/u><\/p>\n<p>En aquesta jornada comptarem amb la participaci\u00f3 de l\u2019equip\u00a0<b>SEER Salut i educaci\u00f3<\/b>\u00a0<b>emocional<\/b>\u00a0que ens parlaran sobre la import\u00e0ncia de\u00a0<b>La mirada socioemocional en l\u2019abordatge del bullying<\/b>.<u><\/u><u><\/u><\/p>\n<p>El proper<b>\u00a026 d\u2019abril<\/b>\u00a0a les<b>\u00a017h<\/b> es dur\u00e0 a terme la\u00a0<b>Jornada on-line d\u2019intercanvi d\u2019experi\u00e8ncies #aquiproubullying<\/b> mitjan\u00e7ant la plataforma ZOOM (<a href=\"https:\/\/zoom.us\/j\/93103172937\" target=\"_blank\" rel=\"noopener noreferrer\" data-saferedirecturl=\"https:\/\/www.google.com\/url?q=https:\/\/zoom.us\/j\/93103172937&amp;source=gmail&amp;ust=1618382339227000&amp;usg=AFQjCNF_1ZCq-QLyD2THWckHXVFpQKH95g\">enlla\u00e7 a la jornada<\/a>)<u><\/u><u><\/u><\/p>\n<table>\n<tbody>\n<tr>\n<td><a href=\"https:\/\/serveiseducatius.xtec.cat\/altmaresme\/wp-content\/uploads\/usu1140\/2021\/04\/proubullying.jpg\"><img loading=\"lazy\" decoding=\"async\" class=\"alignnone size-large wp-image-13881\" src=\"https:\/\/serveiseducatius.xtec.cat\/altmaresme\/wp-content\/uploads\/usu1140\/2021\/04\/proubullying-1008x1024.jpg\" alt=\"\" width=\"1008\" height=\"1024\" \/><\/a><\/td>\n<\/tr>\n<\/tbody>\n<\/table>\n","protected":false},"excerpt":{"rendered":"<p>Com sabeu des del Servei d\u2019Escola i Fam\u00edlia de la Subdirecci\u00f3 general de Suport i Atenci\u00f3 a la comunitat educativa, s&#8217;impulsa el programa d\u2019innovaci\u00f3 pedag\u00f2gica #aquiproubullying. Aquest programa es va iniciar al 2017 i en l\u2019actualitat ja han certificat 125 centres la innovaci\u00f3 i 66&hellip;  <a href=\"https:\/\/serveiseducatius.xtec.cat\/altmaresme\/portada\/jornada-on-line-dintercanvi-dexperiencies-aquiproubullying\/\" title=\"Read Jornada on-line d\u2019intercanvi d\u2019experi\u00e8ncies #aquiproubullying\">Llegeix m\u00e9s\u00bb<\/a><\/p>\n","protected":false},"author":137,"featured_media":0,"comment_status":"open","ping_status":"closed","sticky":false,"template":"","format":"standard","meta":{"_bbp_topic_count":0,"_bbp_reply_count":0,"_bbp_total_topic_count":0,"_bbp_total_reply_count":0,"_bbp_voice_count":0,"_bbp_anonymous_reply_count":0,"_bbp_topic_count_hidden":0,"_bbp_reply_count_hidden":0,"_bbp_forum_subforum_count":0,"footnotes":""},"categories":[285,1051,29,1046,1045],"tags":[],"class_list":["post-13880","post","type-post","status-publish","format-standard","hentry","category-dua","category-formacio","category-portada","category-primaria","category-secundaria"],"post_mailing_queue_ids":[],"_links":{"self":[{"href":"https:\/\/serveiseducatius.xtec.cat\/altmaresme\/wp-json\/wp\/v2\/posts\/13880","targetHints":{"allow":["GET"]}}],"collection":[{"href":"https:\/\/serveiseducatius.xtec.cat\/altmaresme\/wp-json\/wp\/v2\/posts"}],"about":[{"href":"https:\/\/serveiseducatius.xtec.cat\/altmaresme\/wp-json\/wp\/v2\/types\/post"}],"author":[{"embeddable":true,"href":"https:\/\/serveiseducatius.xtec.cat\/altmaresme\/wp-json\/wp\/v2\/users\/137"}],"replies":[{"embeddable":true,"href":"https:\/\/serveiseducatius.xtec.cat\/altmaresme\/wp-json\/wp\/v2\/comments?post=13880"}],"version-history":[{"count":1,"href":"https:\/\/serveiseducatius.xtec.cat\/altmaresme\/wp-json\/wp\/v2\/posts\/13880\/revisions"}],"predecessor-version":[{"id":13882,"href":"https:\/\/serveiseducatius.xtec.cat\/altmaresme\/wp-json\/wp\/v2\/posts\/13880\/revisions\/13882"}],"wp:attachment":[{"href":"https:\/\/serveiseducatius.xtec.cat\/altmaresme\/wp-json\/wp\/v2\/media?parent=13880"}],"wp:term":[{"taxonomy":"category","embeddable":true,"href":"https:\/\/serveiseducatius.xtec.cat\/altmaresme\/wp-json\/wp\/v2\/categories?post=13880"},{"taxonomy":"post_tag","embeddable":true,"href":"https:\/\/serveiseducatius.xtec.cat\/altmaresme\/wp-json\/wp\/v2\/tags?post=13880"}],"curies":[{"name":"wp","href":"https:\/\/api.w.org\/{rel}","templated":true}]}}