{"id":13872,"date":"2021-04-19T11:00:47","date_gmt":"2021-04-19T09:00:47","guid":{"rendered":"http:\/\/serveiseducatius.xtec.cat\/altmaresme\/?p=13872"},"modified":"2021-04-12T14:31:56","modified_gmt":"2021-04-12T12:31:56","slug":"conferencia-2021-any-joan-triadu-i-font-la-formacio-al-servei-de-la-reconstruccio-dun-pais","status":"publish","type":"post","link":"https:\/\/serveiseducatius.xtec.cat\/altmaresme\/portada\/conferencia-2021-any-joan-triadu-i-font-la-formacio-al-servei-de-la-reconstruccio-dun-pais\/","title":{"rendered":"Confer\u00e8ncia: 2021, Any Joan Triad\u00fa i Font, la formaci\u00f3 al servei de la (re)construcci\u00f3 d&#8217;un pa\u00eds\u00a0"},"content":{"rendered":"<p style=\"font-weight: 400;\">Amb motiu de l&#8217;Any Joan Triad\u00fa i la cooperaci\u00f3 del\u00a0<a href=\"https:\/\/serveiseducatius.xtec.cat\/tarragones\/general\/portada\/conferencia-any-joan-triadu\/\" data-saferedirecturl=\"https:\/\/www.google.com\/url?q=https:\/\/serveiseducatius.xtec.cat\/tarragones\/general\/portada\/conferencia-any-joan-triadu\/&amp;source=gmail&amp;ust=1618306943851000&amp;usg=AFQjCNGMC3nalxWlIFpis0hayuvzluhEuQ\">CRP del Tarrragon\u00e8s<\/a>\u00a0s&#8217;ha organitzat el proper\u00a0<strong>4 de maig a les 17.30h<\/strong>\u00a0la &#8220;Confer\u00e8ncia: 2021, Any Joan Triad\u00fa i Font, la formaci\u00f3 al servei de la (re)construcci\u00f3 d&#8217;un pa\u00eds&#8221; amb l&#8217;objectiu de con\u00e8ixer la figura d\u2019en Joan Triad\u00fa i Font aix\u00ed com saber transmetre la persona d\u2019en Joan Triad\u00fa als alumnes.<\/p>\n<p style=\"font-weight: 400;\">Aquesta confer\u00e8ncia anir\u00e0 a c\u00e0rrec d\u2019en\u00a0<strong><a href=\"https:\/\/ca.wikipedia.org\/wiki\/Joan_Mart%C3%AD_i_Castell\" data-saferedirecturl=\"https:\/\/www.google.com\/url?q=https:\/\/ca.wikipedia.org\/wiki\/Joan_Mart%25C3%25AD_i_Castell&amp;source=gmail&amp;ust=1618306943851000&amp;usg=AFQjCNH1HLw0CG1ZSpHy2DDzdCZ1FgMoZg\">Joan Mart\u00ed i Castell<\/a><\/strong>\u00a0i est\u00e0 dirigida a docents, professionals de l&#8217;educaci\u00f3 i p\u00fablic en general.<\/p>\n<p style=\"font-weight: 400;\">Es realitzar\u00e0 via telem\u00e0tica amb una durada aproximada d&#8217;una hora directe des de youtube i requereix d\u2019<a href=\"https:\/\/aplicacions.gestioeducativa.gencat.cat\/pls\/soloas\/pk_for_mod_ins.p_for_detall_activitat?p_codi=7091151709&amp;p_curs=2020-2021&amp;p_es_inscr=S\" data-saferedirecturl=\"https:\/\/www.google.com\/url?q=https:\/\/aplicacions.gestioeducativa.gencat.cat\/pls\/soloas\/pk_for_mod_ins.p_for_detall_activitat?p_codi%3D7091151709%26p_curs%3D2020-2021%26p_es_inscr%3DS&amp;source=gmail&amp;ust=1618306943851000&amp;usg=AFQjCNFfzIPBaUOPMX8vCt-QgHQv6kHBAw\">inscripci\u00f3 pr\u00e8via<\/a>. Un cop formalitzada la inscripci\u00f3 en l&#8217;apartat d&#8217;observacions hi trobareu l&#8217;acc\u00e8s a l&#8217;enlla\u00e7 al youtube.<\/p>\n<p style=\"font-weight: 400;\">Trobareu tota la informaci\u00f3 a:\u00a0<a href=\"https:\/\/serveiseducatius.xtec.cat\/tarragones\/general\/portada\/conferencia-any-joan-triadu\/\" data-saferedirecturl=\"https:\/\/www.google.com\/url?q=https:\/\/serveiseducatius.xtec.cat\/tarragones\/general\/portada\/conferencia-any-joan-triadu\/&amp;source=gmail&amp;ust=1618306943851000&amp;usg=AFQjCNGMC3nalxWlIFpis0hayuvzluhEuQ\">https:\/\/serveiseducatius.xtec.cat\/tarragones\/general\/portada\/conferencia-any-joan-triadu\/<\/a><\/p>\n<pre>El\u00a0<a href=\"https:\/\/serveiseducatius.xtec.cat\/bdrlectura\/\" data-saferedirecturl=\"https:\/\/www.google.com\/url?q=https:\/\/serveiseducatius.xtec.cat\/bdrlectura\/&amp;source=gmail&amp;ust=1618306943851000&amp;usg=AFQjCNFb4c89t4Cy5nsYiGj5SSecYOZaiQ\">Grup de treball BdR<\/a>\u00a0est\u00e0 treballant potenciant durant el 2021 l'efem\u00e8ride dels 100 anys dels naixement de\u00a0JoanTriad\u00fa i Font\u00a0que fou escriptor, cr\u00edtic literari i pedagog catal\u00e0.\u00a0Des del nodes del\u00a0<a href=\"https:\/\/serveiseducatius.xtec.cat\/bdrlectura\/categoria\/any-joan-triadu\/\" data-saferedirecturl=\"https:\/\/www.google.com\/url?q=https:\/\/serveiseducatius.xtec.cat\/bdrlectura\/categoria\/any-joan-triadu\/&amp;source=gmail&amp;ust=1618306943851000&amp;usg=AFQjCNFkAMHOvOH7mPSw6fVEJCnMv83MEw\">Banc de Recursos, la lectura: font de plaer i de coneixement<\/a> s\u2019estan recollint activitats i propostes educatives de tota Catalunya.<\/pre>\n<p>&nbsp;<\/p>\n","protected":false},"excerpt":{"rendered":"<p>Amb motiu de l&#8217;Any Joan Triad\u00fa i la cooperaci\u00f3 del\u00a0<a href=\"https:\/\/serveiseducatius.xtec.cat\/tarragones\/general\/portada\/conferencia-any-joan-triadu\/\" data-saferedirecturl=\"https:\/\/www.google.com\/url?q=https:\/\/serveiseducatius.xtec.cat\/tarragones\/general\/portada\/conferencia-any-joan-triadu\/&amp;source=gmail&amp;ust=1618306943851000&amp;usg=AFQjCNGMC3nalxWlIFpis0hayuvzluhEuQ\">CRP del Tarrragon\u00e8s<\/a>\u00a0s&#8217;ha organitzat el proper\u00a04 de maig a les 17.30h\u00a0la &#8220;Confer\u00e8ncia: 2021, Any Joan Triad\u00fa i Font, la formaci\u00f3 al servei de la (re)construcci\u00f3 d&#8217;un pa\u00eds&#8221; amb l&#8217;objectiu de con\u00e8ixer la figura d\u2019en&hellip;  <a href=\"https:\/\/serveiseducatius.xtec.cat\/altmaresme\/portada\/conferencia-2021-any-joan-triadu-i-font-la-formacio-al-servei-de-la-reconstruccio-dun-pais\/\" title=\"Read Confer\u00e8ncia: 2021, Any Joan Triad\u00fa i Font, la formaci\u00f3 al servei de la (re)construcci\u00f3 d&#8217;un pa\u00eds\u00a0\">Llegeix m\u00e9s\u00bb<\/a><\/p>\n","protected":false},"author":137,"featured_media":13873,"comment_status":"open","ping_status":"closed","sticky":false,"template":"","format":"standard","meta":{"_bbp_topic_count":0,"_bbp_reply_count":0,"_bbp_total_topic_count":0,"_bbp_total_reply_count":0,"_bbp_voice_count":0,"_bbp_anonymous_reply_count":0,"_bbp_topic_count_hidden":0,"_bbp_reply_count_hidden":0,"_bbp_forum_subforum_count":0,"footnotes":""},"categories":[1064,29,1046,1045],"tags":[],"class_list":["post-13872","post","type-post","status-publish","format-standard","has-post-thumbnail","hentry","category-catala","category-portada","category-primaria","category-secundaria"],"post_mailing_queue_ids":[],"_links":{"self":[{"href":"https:\/\/serveiseducatius.xtec.cat\/altmaresme\/wp-json\/wp\/v2\/posts\/13872","targetHints":{"allow":["GET"]}}],"collection":[{"href":"https:\/\/serveiseducatius.xtec.cat\/altmaresme\/wp-json\/wp\/v2\/posts"}],"about":[{"href":"https:\/\/serveiseducatius.xtec.cat\/altmaresme\/wp-json\/wp\/v2\/types\/post"}],"author":[{"embeddable":true,"href":"https:\/\/serveiseducatius.xtec.cat\/altmaresme\/wp-json\/wp\/v2\/users\/137"}],"replies":[{"embeddable":true,"href":"https:\/\/serveiseducatius.xtec.cat\/altmaresme\/wp-json\/wp\/v2\/comments?post=13872"}],"version-history":[{"count":1,"href":"https:\/\/serveiseducatius.xtec.cat\/altmaresme\/wp-json\/wp\/v2\/posts\/13872\/revisions"}],"predecessor-version":[{"id":13874,"href":"https:\/\/serveiseducatius.xtec.cat\/altmaresme\/wp-json\/wp\/v2\/posts\/13872\/revisions\/13874"}],"wp:featuredmedia":[{"embeddable":true,"href":"https:\/\/serveiseducatius.xtec.cat\/altmaresme\/wp-json\/wp\/v2\/media\/13873"}],"wp:attachment":[{"href":"https:\/\/serveiseducatius.xtec.cat\/altmaresme\/wp-json\/wp\/v2\/media?parent=13872"}],"wp:term":[{"taxonomy":"category","embeddable":true,"href":"https:\/\/serveiseducatius.xtec.cat\/altmaresme\/wp-json\/wp\/v2\/categories?post=13872"},{"taxonomy":"post_tag","embeddable":true,"href":"https:\/\/serveiseducatius.xtec.cat\/altmaresme\/wp-json\/wp\/v2\/tags?post=13872"}],"curies":[{"name":"wp","href":"https:\/\/api.w.org\/{rel}","templated":true}]}}