{"id":13819,"date":"2021-04-07T10:29:15","date_gmt":"2021-04-07T08:29:15","guid":{"rendered":"http:\/\/serveiseducatius.xtec.cat\/altmaresme\/?p=13819"},"modified":"2021-04-07T08:58:22","modified_gmt":"2021-04-07T06:58:22","slug":"jornada-pedagogica-joan-perucho","status":"publish","type":"post","link":"https:\/\/serveiseducatius.xtec.cat\/altmaresme\/portada\/jornada-pedagogica-joan-perucho\/","title":{"rendered":"Jornada Pedag\u00f2gica Joan Perucho"},"content":{"rendered":"<p>Amb motiu de la commemoraci\u00f3 de l\u2019<a href=\"http:\/\/xtec.gencat.cat\/ca\/centres\/celebracions\/2020\/any-joan-perucho\/\">Any Joan Perucho<\/a>,\u00a0el curs passat el\u00a0Departament d\u2019Educaci\u00f3\u00a0tenia previst celebrar la\u00a0<i><b>Jornada Pedag\u00f2gica Joan Perucho<\/b><\/i>, que s\u2019ha hagut d\u2019ajornar fins aquesta primavera a causa de la pand\u00e8mia.<\/p>\n<p>Finalment, doncs, aquesta jornada commemorativa tindr\u00e0 lloc el proper\u00a0<b>16 d\u2019abril de 2021 de 17 a 20h\u00a0<\/b>del vespre de manera telem\u00e0tica. Constar\u00e0 d\u2019una pon\u00e8ncia marc a c\u00e0rrec de Juli\u00e0 Guillamon, comissari de l\u2019Any Joan Perucho, la presentaci\u00f3 d\u2019experi\u00e8ncies de centres i de materials did\u00e0ctics elaborats per a la commemoraci\u00f3, i d\u2019una cloenda liter\u00e0ria: l\u2019espectacle de Carles Belda \u201cEl roman\u00e7 de les hist\u00f2ries naturals\u201d.<\/p>\n<p><span style=\"color: #000000; font-family: verdana, sans-serif;\">Trobareu tota la informaci\u00f3 en aquest enlla\u00e7 al nodes de biblioteques escolars de Catalunya: <\/span><a id=\"m_-3076150202326965514gmail-m_-1719504460317682479gmail-yui_3_17_2_1_1616655349784_138\" href=\"https:\/\/projectes.xtec.cat\/bescat\/portada\/jornada-pedagogica-joan-perucho\/\" target=\"_blank\" rel=\"noopener noreferrer\" data-saferedirecturl=\"https:\/\/www.google.com\/url?q=https:\/\/projectes.xtec.cat\/bescat\/portada\/jornada-pedagogica-joan-perucho\/&amp;source=gmail&amp;ust=1616768478841000&amp;usg=AFQjCNF9aomMhaMkZ5NBSM3qEtEZgCQExw\">https:\/\/projectes.xtec.cat\/<wbr \/>bescat\/portada\/jornada-<wbr \/>pedagogica-joan-perucho\/<\/a><\/p>\n<p><a href=\"https:\/\/aplicacions.gestioeducativa.gencat.cat\/pls\/soloas\/pk_for_mod_ins.p_for_detall_activitat?p_codi=9001470555&amp;p_curs=2020-2021&amp;p_es_inscr=S\" target=\"_blank\" rel=\"noopener noreferrer\" data-saferedirecturl=\"https:\/\/www.google.com\/url?q=https:\/\/aplicacions.gestioeducativa.gencat.cat\/pls\/soloas\/pk_for_mod_ins.p_for_detall_activitat?p_codi%3D9001470555%26p_curs%3D2020-2021%26p_es_inscr%3DS&amp;source=gmail&amp;ust=1616579850157000&amp;usg=AFQjCNEyiz-_JtwwiEwT_PmNSDJj8MNlQw\">Enlla\u00e7 a la inscripci\u00f3<\/a>.<\/p>\n<p><a href=\"http:\/\/xtec.gencat.cat\/web\/.content\/centres\/celebracions\/2020\/any-joan-perucho\/JornadaPerucho.pdf\">Programa\u00a0Jornada pedag\u00f2gica Joan Perucho\u00a0<\/a><\/p>\n<p>&nbsp;<\/p>\n","protected":false},"excerpt":{"rendered":"<p>Amb motiu de la commemoraci\u00f3 de l\u2019<a href=\"http:\/\/xtec.gencat.cat\/ca\/centres\/celebracions\/2020\/any-joan-perucho\/\">Any Joan Perucho<\/a>,\u00a0el curs passat el\u00a0Departament d\u2019Educaci\u00f3\u00a0tenia previst celebrar la\u00a0Jornada Pedag\u00f2gica Joan Perucho, que s\u2019ha hagut d\u2019ajornar fins aquesta primavera a causa de la pand\u00e8mia.<br \/>\nFinalment, doncs, aquesta jornada commemorativa tindr\u00e0 lloc el proper\u00a016 d\u2019abril de 2021 de 17&hellip;  <a href=\"https:\/\/serveiseducatius.xtec.cat\/altmaresme\/portada\/jornada-pedagogica-joan-perucho\/\" title=\"Read Jornada Pedag\u00f2gica Joan Perucho\">Llegeix m\u00e9s\u00bb<\/a><\/p>\n","protected":false},"author":137,"featured_media":13820,"comment_status":"open","ping_status":"closed","sticky":false,"template":"","format":"standard","meta":{"_bbp_topic_count":0,"_bbp_reply_count":0,"_bbp_total_topic_count":0,"_bbp_total_reply_count":0,"_bbp_voice_count":0,"_bbp_anonymous_reply_count":0,"_bbp_topic_count_hidden":0,"_bbp_reply_count_hidden":0,"_bbp_forum_subforum_count":0,"footnotes":""},"categories":[81,1051,29,1046,1045],"tags":[],"class_list":["post-13819","post","type-post","status-publish","format-standard","has-post-thumbnail","hentry","category-biblioteca-escolar","category-formacio","category-portada","category-primaria","category-secundaria"],"post_mailing_queue_ids":[],"_links":{"self":[{"href":"https:\/\/serveiseducatius.xtec.cat\/altmaresme\/wp-json\/wp\/v2\/posts\/13819","targetHints":{"allow":["GET"]}}],"collection":[{"href":"https:\/\/serveiseducatius.xtec.cat\/altmaresme\/wp-json\/wp\/v2\/posts"}],"about":[{"href":"https:\/\/serveiseducatius.xtec.cat\/altmaresme\/wp-json\/wp\/v2\/types\/post"}],"author":[{"embeddable":true,"href":"https:\/\/serveiseducatius.xtec.cat\/altmaresme\/wp-json\/wp\/v2\/users\/137"}],"replies":[{"embeddable":true,"href":"https:\/\/serveiseducatius.xtec.cat\/altmaresme\/wp-json\/wp\/v2\/comments?post=13819"}],"version-history":[{"count":1,"href":"https:\/\/serveiseducatius.xtec.cat\/altmaresme\/wp-json\/wp\/v2\/posts\/13819\/revisions"}],"predecessor-version":[{"id":13821,"href":"https:\/\/serveiseducatius.xtec.cat\/altmaresme\/wp-json\/wp\/v2\/posts\/13819\/revisions\/13821"}],"wp:featuredmedia":[{"embeddable":true,"href":"https:\/\/serveiseducatius.xtec.cat\/altmaresme\/wp-json\/wp\/v2\/media\/13820"}],"wp:attachment":[{"href":"https:\/\/serveiseducatius.xtec.cat\/altmaresme\/wp-json\/wp\/v2\/media?parent=13819"}],"wp:term":[{"taxonomy":"category","embeddable":true,"href":"https:\/\/serveiseducatius.xtec.cat\/altmaresme\/wp-json\/wp\/v2\/categories?post=13819"},{"taxonomy":"post_tag","embeddable":true,"href":"https:\/\/serveiseducatius.xtec.cat\/altmaresme\/wp-json\/wp\/v2\/tags?post=13819"}],"curies":[{"name":"wp","href":"https:\/\/api.w.org\/{rel}","templated":true}]}}