{"id":13795,"date":"2021-03-25T08:40:25","date_gmt":"2021-03-25T07:40:25","guid":{"rendered":"http:\/\/serveiseducatius.xtec.cat\/altmaresme\/?p=13795"},"modified":"2021-03-24T09:49:14","modified_gmt":"2021-03-24T08:49:14","slug":"i-vosaltres-com-us-ho-feu-per-augmentar-les-hores-dexposicio-a-les-llengues-estrangeres","status":"publish","type":"post","link":"https:\/\/serveiseducatius.xtec.cat\/altmaresme\/general\/i-vosaltres-com-us-ho-feu-per-augmentar-les-hores-dexposicio-a-les-llengues-estrangeres\/","title":{"rendered":"I vosaltres com us ho feu per augmentar les hores d&#8217;exposici\u00f3 a les lleng\u00fces estrangeres?"},"content":{"rendered":"<p><strong>Programes d&#8217;Innovaci\u00f3 Pedag\u00f2gica <\/strong>Generaci\u00f3 Pluriling\u00fce (GEP)<\/p>\n<p style=\"background: white; margin: 0cm 0cm 7.5pt 0cm;\"><span style=\"font-size: 10.0pt; font-family: 'Arial','sans-serif'; color: #444444;\">El\u00a0<\/span><a href=\"http:\/\/xtec.gencat.cat\/ca\/projectes\/plurilinguisme\/programes\/institucionals\/gep\/\"><span style=\"font-size: 10.0pt; font-family: 'Arial','sans-serif';\">programa GEP\u00a0<\/span><\/a><span style=\"font-size: 10.0pt; font-family: 'Arial','sans-serif'; color: #444444;\">promou augmentar la compet\u00e8ncia comunicativa de l&#8217;alumnat en les lleng\u00fces estrangeres curriculars incrementant el grau d&#8217;exposici\u00f3 a aquestes lleng\u00fces. A trav\u00e9s del programa s&#8217;impulsen accions innovadores en l&#8217;\u00e0mbit de l&#8217;organitzaci\u00f3 curricular de les lleng\u00fces estrangeres i en l&#8217;\u00e0mbit metodol\u00f2gic de l&#8217;ensenyament d&#8217;aquestes lleng\u00fces. Tamb\u00e9 es promou un aprenentatge actiu i significatiu per part de l&#8217;alumnat, basat en el treball cooperatiu i per projectes que integrin les TIC, en una avaluaci\u00f3 orientada a l&#8217;aprenentatge, i en l&#8217;adquisici\u00f3 d&#8217;estrat\u00e8gies per a un aprenentatge aut\u00f2nom.<\/span><\/p>\n<p style=\"background: white; margin: 0cm 0cm 7.5pt 0cm;\"><span style=\"font-size: 10.0pt; font-family: 'Arial','sans-serif'; color: #444444;\">La finalitat del Programa \u00e9s\u00a0millorar la compet\u00e8ncia en lleng\u00fces estrangeres de l&#8217;alumnat, afavorint el seu creixement acad\u00e8mic i posterior inserci\u00f3 laboral, i capacitant-lo per interactuar amb el m\u00f3n en diverses lleng\u00fces i de manera cr\u00edtica.<\/span><\/p>\n<h6><\/h6>\n<h6>Adaptaci\u00f3 per als centres de l&#8217;edici\u00f3 2019-22 que han causat baixa per motiu de la COVID-19<\/h6>\n<h6 style=\"margin-bottom: 10.5pt; background: white;\"><span style=\"font-size: 10.0pt; font-family: 'Arial','sans-serif'; color: #444444;\">Els centres GEP de l&#8217;edici\u00f3 2019-22 que, per dificultats organitzatives motivades per la situaci\u00f3 de pand\u00e8mia, s&#8217;han donat de baixa del programa podran tornar a participar-hi en l&#8217;edici\u00f3 2021-24.<\/span><\/h6>\n<p style=\"background: white; margin: 0cm 0cm 7.5pt 0cm;\"><span style=\"font-size: 10.0pt; font-family: 'Arial','sans-serif'; color: #444444;\"> <a href=\"https:\/\/espai.educacio.gencat.cat\/Centres\/Innovacio-pedagogica\/Programes\/Generacio-Plurilingue-GEP\/Pagines\/default.aspx\">CONSULTEU LA RESOLUCIO CORRESPONENT A AQUEST PROGRAMA en aquest enlla\u00e7 AL PORTAL DE CENTRES<\/a><\/span><\/p>\n<p style=\"background: white; margin: 0cm 0cm 7.5pt 0cm;\"><span style=\"font-size: 10.0pt; font-family: 'Arial','sans-serif'; color: #444444; background: white;\">Consulteu el document amb les\u00a0<\/span><a title=\"Obre finestra nova\" href=\"http:\/\/xtec.gencat.cat\/web\/.content\/projectes\/plurilinguisme\/programes\/institucionals\/FAQS-GEP_XTEC.pdf\" target=\"_blank\" rel=\"noopener noreferrer\"><span style=\"font-size: 10.0pt; font-family: 'Arial','sans-serif'; color: #c00000; background: white;\">preguntes m\u00e9s freq\u00fcents sobre el programa<\/span><\/a><span style=\"font-size: 10.0pt; font-family: 'Arial','sans-serif'; color: #444444; background: white;\">.\u00a0<\/span><\/p>\n<p style=\"background: white; margin: 0cm 0cm 7.5pt 0cm;\"><a href=\"https:\/\/projectes.xtec.cat\/gep\/el-projecte\/\"><span style=\"font-size: 10.0pt; font-family: 'Arial','sans-serif'; background: white;\">ESPAI NODES GEP<\/span><\/a><\/p>\n<p><strong>Termini de presentaci\u00f3 de sol\u00b7licituds fins al 12 de maig de 2021<\/strong><\/p>\n<p><strong>El dia 15 de mar\u00e7 es va obrir la convocat\u00f2ria p\u00fablica per a la participaci\u00f3 dels centres en programes d&#8217;Innovaci\u00f3 Pedag\u00f2gica. <\/strong><\/p>\n<p>Per con\u00e8ixer tota l&#8217;oferta de programes tamb\u00e9 podeu accedir a l&#8217;apartat de <strong>l\u2019XTEC\u00a0<\/strong>d<strong>&#8216;<\/strong><a href=\"http:\/\/xtec.gencat.cat\/ca\/innovacio\/programes_innovacio\/\" data-saferedirecturl=\"https:\/\/www.google.com\/url?q=http:\/\/xtec.gencat.cat\/ca\/innovacio\/programes_innovacio\/&amp;source=gmail&amp;ust=1615880703883000&amp;usg=AFQjCNHBfQgmgAhWhEhATM4QcBdCSNKzKA\"><strong>Innovaci\u00f3 Pedag\u00f2gica, <\/strong><\/a><strong>al <\/strong><strong><a href=\"https:\/\/espai.educacio.gencat.cat\/Centres\/Innovacio-pedagogica\/Programes\/Pagines\/default.aspx\" data-saferedirecturl=\"https:\/\/www.google.com\/url?q=https:\/\/espai.educacio.gencat.cat\/Centres\/Innovacio-pedagogica\/Programes\/Pagines\/default.aspx&amp;source=gmail&amp;ust=1615880703883000&amp;usg=AFQjCNGOWC3W5Th9GuTmFpo6g61EPJ2x8g\">Portal de centres <\/a><\/strong>o al seg\u00fcent v\u00eddeo:<\/p>\n<p><iframe loading=\"lazy\" src=\"\/\/www.youtube.com\/embed\/BfPxnl_0l2I\" width=\"560\" height=\"314\" data-mce-fragment=\"1\"><\/iframe><\/p>\n","protected":false},"excerpt":{"rendered":"<p>Programes d&#8217;Innovaci\u00f3 Pedag\u00f2gica Generaci\u00f3 Pluriling\u00fce (GEP)<br \/>\nEl\u00a0<a href=\"http:\/\/xtec.gencat.cat\/ca\/projectes\/plurilinguisme\/programes\/institucionals\/gep\/\">programa GEP\u00a0<\/a>promou augmentar la compet\u00e8ncia comunicativa de l&#8217;alumnat en les lleng\u00fces estrangeres curriculars incrementant el grau d&#8217;exposici\u00f3 a aquestes lleng\u00fces. A trav\u00e9s del programa s&#8217;impulsen accions innovadores en l&#8217;\u00e0mbit de l&#8217;organitzaci\u00f3 curricular de les lleng\u00fces estrangeres i en l&#8217;\u00e0mbit&hellip;  <a href=\"https:\/\/serveiseducatius.xtec.cat\/altmaresme\/general\/i-vosaltres-com-us-ho-feu-per-augmentar-les-hores-dexposicio-a-les-llengues-estrangeres\/\" title=\"Read I vosaltres com us ho feu per augmentar les hores d&#8217;exposici\u00f3 a les lleng\u00fces estrangeres?\">Llegeix m\u00e9s\u00bb<\/a><\/p>\n","protected":false},"author":137,"featured_media":13796,"comment_status":"open","ping_status":"closed","sticky":false,"template":"","format":"standard","meta":{"_bbp_topic_count":0,"_bbp_reply_count":0,"_bbp_total_topic_count":0,"_bbp_total_reply_count":0,"_bbp_voice_count":0,"_bbp_anonymous_reply_count":0,"_bbp_topic_count_hidden":0,"_bbp_reply_count_hidden":0,"_bbp_forum_subforum_count":0,"footnotes":""},"categories":[1,1068,29,1046,1045],"tags":[],"class_list":["post-13795","post","type-post","status-publish","format-standard","has-post-thumbnail","hentry","category-general","category-gestio-de-centres","category-portada","category-primaria","category-secundaria"],"post_mailing_queue_ids":[],"_links":{"self":[{"href":"https:\/\/serveiseducatius.xtec.cat\/altmaresme\/wp-json\/wp\/v2\/posts\/13795","targetHints":{"allow":["GET"]}}],"collection":[{"href":"https:\/\/serveiseducatius.xtec.cat\/altmaresme\/wp-json\/wp\/v2\/posts"}],"about":[{"href":"https:\/\/serveiseducatius.xtec.cat\/altmaresme\/wp-json\/wp\/v2\/types\/post"}],"author":[{"embeddable":true,"href":"https:\/\/serveiseducatius.xtec.cat\/altmaresme\/wp-json\/wp\/v2\/users\/137"}],"replies":[{"embeddable":true,"href":"https:\/\/serveiseducatius.xtec.cat\/altmaresme\/wp-json\/wp\/v2\/comments?post=13795"}],"version-history":[{"count":2,"href":"https:\/\/serveiseducatius.xtec.cat\/altmaresme\/wp-json\/wp\/v2\/posts\/13795\/revisions"}],"predecessor-version":[{"id":13803,"href":"https:\/\/serveiseducatius.xtec.cat\/altmaresme\/wp-json\/wp\/v2\/posts\/13795\/revisions\/13803"}],"wp:featuredmedia":[{"embeddable":true,"href":"https:\/\/serveiseducatius.xtec.cat\/altmaresme\/wp-json\/wp\/v2\/media\/13796"}],"wp:attachment":[{"href":"https:\/\/serveiseducatius.xtec.cat\/altmaresme\/wp-json\/wp\/v2\/media?parent=13795"}],"wp:term":[{"taxonomy":"category","embeddable":true,"href":"https:\/\/serveiseducatius.xtec.cat\/altmaresme\/wp-json\/wp\/v2\/categories?post=13795"},{"taxonomy":"post_tag","embeddable":true,"href":"https:\/\/serveiseducatius.xtec.cat\/altmaresme\/wp-json\/wp\/v2\/tags?post=13795"}],"curies":[{"name":"wp","href":"https:\/\/api.w.org\/{rel}","templated":true}]}}