{"id":13763,"date":"2021-03-18T15:41:21","date_gmt":"2021-03-18T14:41:21","guid":{"rendered":"http:\/\/serveiseducatius.xtec.cat\/altmaresme\/?p=13763"},"modified":"2021-03-17T10:53:08","modified_gmt":"2021-03-17T09:53:08","slug":"locea-dins-de-laula-qui-agafa-el-repte","status":"publish","type":"post","link":"https:\/\/serveiseducatius.xtec.cat\/altmaresme\/general\/locea-dins-de-laula-qui-agafa-el-repte\/","title":{"rendered":"L&#8217;oce\u00e0 dins de l&#8217;aula. Qui agafa el repte?"},"content":{"rendered":"<p>Segona C\u00e0psula de Medi d&#8217;aquest curs. Aquesta vegada, dedicada a <strong>L\u2019Oce\u00e0 dins l\u2019aula. Qui agafa el repte?.<\/strong><\/p>\n<p>La sessi\u00f3 tindr\u00e0 lloc el dia 22 de mar\u00e7 de 17.30 h a 19.30 h i ser\u00e0 retransmesa pel canal de Youtube\u00a0<em><a href=\"https:\/\/www.youtube.com\/channel\/UCr1QWhZwVGwll5KzxcFfubQ\" data-saferedirecturl=\"https:\/\/www.google.com\/url?q=https:\/\/www.youtube.com\/channel\/UCr1QWhZwVGwll5KzxcFfubQ&amp;source=gmail&amp;ust=1616053094782000&amp;usg=AFQjCNHk402NRFs4mb00yiM1gcWMMeB2XQ\">\u00c0mbit Cient\u00edfic i\u00a0Medi. CESIRE<\/a>.<\/em><\/p>\n<p>Podeu inscriure-us en aquest\u00a0<em><u><a href=\"https:\/\/aplicacions.gestioeducativa.gencat.cat\/pls\/soloas\/pk_for_mod_ins.p_for_detall_activitat?p_codi=9002120532&amp;p_curs=2020-2021&amp;p_es_inscr=S\" data-saferedirecturl=\"https:\/\/www.google.com\/url?q=https:\/\/aplicacions.gestioeducativa.gencat.cat\/pls\/soloas\/pk_for_mod_ins.p_for_detall_activitat?p_codi%3D9002120532%26p_curs%3D2020-2021%26p_es_inscr%3DS&amp;source=gmail&amp;ust=1616053094782000&amp;usg=AFQjCNEAwbpiHDUM7ZMI2XLiuBdDG2WVcg\">enlla\u00e7<\/a><\/u><\/em><\/p>\n<p><a href=\"https:\/\/serveiseducatius.xtec.cat\/altmaresme\/wp-content\/uploads\/usu1140\/2021\/03\/image.png\"><img loading=\"lazy\" decoding=\"async\" class=\"alignnone wp-image-13764\" src=\"https:\/\/serveiseducatius.xtec.cat\/altmaresme\/wp-content\/uploads\/usu1140\/2021\/03\/image.png\" alt=\"\" width=\"769\" height=\"339\" srcset=\"https:\/\/serveiseducatius.xtec.cat\/altmaresme\/wp-content\/uploads\/usu1140\/2021\/03\/image.png 567w, https:\/\/serveiseducatius.xtec.cat\/altmaresme\/wp-content\/uploads\/usu1140\/2021\/03\/image-300x132.png 300w\" sizes=\"auto, (max-width: 769px) 100vw, 769px\" \/><\/a><\/p>\n","protected":false},"excerpt":{"rendered":"<p>Segona C\u00e0psula de Medi d&#8217;aquest curs. Aquesta vegada, dedicada a L\u2019Oce\u00e0 dins l\u2019aula. Qui agafa el repte?.<br \/>\nLa sessi\u00f3 tindr\u00e0 lloc el dia 22 de mar\u00e7 de 17.30 h a 19.30 h i ser\u00e0 retransmesa pel canal de Youtube\u00a0<a href=\"https:\/\/www.youtube.com\/channel\/UCr1QWhZwVGwll5KzxcFfubQ\" data-saferedirecturl=\"https:\/\/www.google.com\/url?q=https:\/\/www.youtube.com\/channel\/UCr1QWhZwVGwll5KzxcFfubQ&amp;source=gmail&amp;ust=1616053094782000&amp;usg=AFQjCNHk402NRFs4mb00yiM1gcWMMeB2XQ\">\u00c0mbit Cient\u00edfic i\u00a0Medi. CESIRE<\/a>.<br \/>\nPodeu inscriure-us en&hellip;  <a href=\"https:\/\/serveiseducatius.xtec.cat\/altmaresme\/general\/locea-dins-de-laula-qui-agafa-el-repte\/\" title=\"Read L&#8217;oce\u00e0 dins de l&#8217;aula. Qui agafa el repte?\">Llegeix m\u00e9s\u00bb<\/a><\/p>\n","protected":false},"author":1,"featured_media":8136,"comment_status":"open","ping_status":"closed","sticky":false,"template":"","format":"standard","meta":{"_bbp_topic_count":0,"_bbp_reply_count":0,"_bbp_total_topic_count":0,"_bbp_total_reply_count":0,"_bbp_voice_count":0,"_bbp_anonymous_reply_count":0,"_bbp_topic_count_hidden":0,"_bbp_reply_count_hidden":0,"_bbp_forum_subforum_count":0,"footnotes":""},"categories":[1057,1,29,1046,1045],"tags":[],"class_list":["post-13763","post","type-post","status-publish","format-standard","has-post-thumbnail","hentry","category-medi","category-general","category-portada","category-primaria","category-secundaria"],"post_mailing_queue_ids":[],"_links":{"self":[{"href":"https:\/\/serveiseducatius.xtec.cat\/altmaresme\/wp-json\/wp\/v2\/posts\/13763","targetHints":{"allow":["GET"]}}],"collection":[{"href":"https:\/\/serveiseducatius.xtec.cat\/altmaresme\/wp-json\/wp\/v2\/posts"}],"about":[{"href":"https:\/\/serveiseducatius.xtec.cat\/altmaresme\/wp-json\/wp\/v2\/types\/post"}],"author":[{"embeddable":true,"href":"https:\/\/serveiseducatius.xtec.cat\/altmaresme\/wp-json\/wp\/v2\/users\/1"}],"replies":[{"embeddable":true,"href":"https:\/\/serveiseducatius.xtec.cat\/altmaresme\/wp-json\/wp\/v2\/comments?post=13763"}],"version-history":[{"count":1,"href":"https:\/\/serveiseducatius.xtec.cat\/altmaresme\/wp-json\/wp\/v2\/posts\/13763\/revisions"}],"predecessor-version":[{"id":13765,"href":"https:\/\/serveiseducatius.xtec.cat\/altmaresme\/wp-json\/wp\/v2\/posts\/13763\/revisions\/13765"}],"wp:featuredmedia":[{"embeddable":true,"href":"https:\/\/serveiseducatius.xtec.cat\/altmaresme\/wp-json\/wp\/v2\/media\/8136"}],"wp:attachment":[{"href":"https:\/\/serveiseducatius.xtec.cat\/altmaresme\/wp-json\/wp\/v2\/media?parent=13763"}],"wp:term":[{"taxonomy":"category","embeddable":true,"href":"https:\/\/serveiseducatius.xtec.cat\/altmaresme\/wp-json\/wp\/v2\/categories?post=13763"},{"taxonomy":"post_tag","embeddable":true,"href":"https:\/\/serveiseducatius.xtec.cat\/altmaresme\/wp-json\/wp\/v2\/tags?post=13763"}],"curies":[{"name":"wp","href":"https:\/\/api.w.org\/{rel}","templated":true}]}}