{"id":13731,"date":"2021-03-11T12:47:20","date_gmt":"2021-03-11T11:47:20","guid":{"rendered":"http:\/\/serveiseducatius.xtec.cat\/altmaresme\/?p=13731"},"modified":"2021-03-11T12:47:20","modified_gmt":"2021-03-11T11:47:20","slug":"proposta-didactica-la-veu-de-la-terra","status":"publish","type":"post","link":"https:\/\/serveiseducatius.xtec.cat\/altmaresme\/portada\/proposta-didactica-la-veu-de-la-terra\/","title":{"rendered":"Proposta did\u00e0ctica: La Veu de la Terra"},"content":{"rendered":"<p>Des del camp d&#8217;aprenentatge Pau Casals ens presenten una unitat did\u00e0ctica en forma de cantata que tracta tamb\u00e9 compet\u00e8ncies vinculades a medi i llengua catalana (poemes). Aix\u00ed doncs, sent una proposta art\u00edstica \u00e9s al mateix temps interdisciplin\u00e0ria.\u00a0 Trobareu tot els materials necessaris per portar la proposta a l&#8217;aula i per la seva avaluaci\u00f3. Cliqueu a la imatge per descobrir la proposta.<\/p>\n<p style=\"text-align: center;\"><a href=\"http:\/\/laveudelaterra.cat\/\" target=\"_blank\" rel=\"noopener noreferrer\"><img loading=\"lazy\" decoding=\"async\" class=\"alignnone size-full wp-image-13732\" src=\"https:\/\/serveiseducatius.xtec.cat\/altmaresme\/wp-content\/uploads\/usu1140\/2021\/03\/veu-de-la-terra.png\" alt=\"\" width=\"507\" height=\"311\" srcset=\"https:\/\/serveiseducatius.xtec.cat\/altmaresme\/wp-content\/uploads\/usu1140\/2021\/03\/veu-de-la-terra.png 507w, https:\/\/serveiseducatius.xtec.cat\/altmaresme\/wp-content\/uploads\/usu1140\/2021\/03\/veu-de-la-terra-300x184.png 300w\" sizes=\"auto, (max-width: 507px) 100vw, 507px\" \/><\/a><\/p>\n<p>&nbsp;<\/p>\n","protected":false},"excerpt":{"rendered":"<p>Des del camp d&#8217;aprenentatge Pau Casals ens presenten una unitat did\u00e0ctica en forma de cantata que tracta tamb\u00e9 compet\u00e8ncies vinculades a medi i llengua catalana (poemes). Aix\u00ed doncs, sent una proposta art\u00edstica \u00e9s al mateix temps interdisciplin\u00e0ria.\u00a0 Trobareu tot els materials necessaris per portar la&hellip;  <a href=\"https:\/\/serveiseducatius.xtec.cat\/altmaresme\/portada\/proposta-didactica-la-veu-de-la-terra\/\" title=\"Read Proposta did\u00e0ctica: La Veu de la Terra\">Llegeix m\u00e9s\u00bb<\/a><\/p>\n","protected":false},"author":1,"featured_media":13732,"comment_status":"open","ping_status":"closed","sticky":false,"template":"","format":"standard","meta":{"_bbp_topic_count":0,"_bbp_reply_count":0,"_bbp_total_topic_count":0,"_bbp_total_reply_count":0,"_bbp_voice_count":0,"_bbp_anonymous_reply_count":0,"_bbp_topic_count_hidden":0,"_bbp_reply_count_hidden":0,"_bbp_forum_subforum_count":0,"footnotes":""},"categories":[1059,1057,29,1046,1045],"tags":[],"class_list":["post-13731","post","type-post","status-publish","format-standard","has-post-thumbnail","hentry","category-artistic","category-medi","category-portada","category-primaria","category-secundaria"],"post_mailing_queue_ids":[],"_links":{"self":[{"href":"https:\/\/serveiseducatius.xtec.cat\/altmaresme\/wp-json\/wp\/v2\/posts\/13731","targetHints":{"allow":["GET"]}}],"collection":[{"href":"https:\/\/serveiseducatius.xtec.cat\/altmaresme\/wp-json\/wp\/v2\/posts"}],"about":[{"href":"https:\/\/serveiseducatius.xtec.cat\/altmaresme\/wp-json\/wp\/v2\/types\/post"}],"author":[{"embeddable":true,"href":"https:\/\/serveiseducatius.xtec.cat\/altmaresme\/wp-json\/wp\/v2\/users\/1"}],"replies":[{"embeddable":true,"href":"https:\/\/serveiseducatius.xtec.cat\/altmaresme\/wp-json\/wp\/v2\/comments?post=13731"}],"version-history":[{"count":1,"href":"https:\/\/serveiseducatius.xtec.cat\/altmaresme\/wp-json\/wp\/v2\/posts\/13731\/revisions"}],"predecessor-version":[{"id":13733,"href":"https:\/\/serveiseducatius.xtec.cat\/altmaresme\/wp-json\/wp\/v2\/posts\/13731\/revisions\/13733"}],"wp:featuredmedia":[{"embeddable":true,"href":"https:\/\/serveiseducatius.xtec.cat\/altmaresme\/wp-json\/wp\/v2\/media\/13732"}],"wp:attachment":[{"href":"https:\/\/serveiseducatius.xtec.cat\/altmaresme\/wp-json\/wp\/v2\/media?parent=13731"}],"wp:term":[{"taxonomy":"category","embeddable":true,"href":"https:\/\/serveiseducatius.xtec.cat\/altmaresme\/wp-json\/wp\/v2\/categories?post=13731"},{"taxonomy":"post_tag","embeddable":true,"href":"https:\/\/serveiseducatius.xtec.cat\/altmaresme\/wp-json\/wp\/v2\/tags?post=13731"}],"curies":[{"name":"wp","href":"https:\/\/api.w.org\/{rel}","templated":true}]}}