{"id":13714,"date":"2021-03-08T07:45:59","date_gmt":"2021-03-08T06:45:59","guid":{"rendered":"http:\/\/serveiseducatius.xtec.cat\/altmaresme\/?p=13714"},"modified":"2021-03-05T16:38:32","modified_gmt":"2021-03-05T15:38:32","slug":"celebrem-el-dia-de-les-dones","status":"publish","type":"post","link":"https:\/\/serveiseducatius.xtec.cat\/altmaresme\/general\/celebrem-el-dia-de-les-dones\/","title":{"rendered":"Celebrem el dia de les dones"},"content":{"rendered":"<div dir=\"auto\">Us compartim un regal de l\u2019equip d\u2019Inclusiva per a celebrar el dia de les DONES 08\/03\/2021<\/div>\n<div dir=\"auto\">Cadascuna ha triat una can\u00e7\u00f3. Si cliqueu a cada nom de dona us enlla\u00e7ar\u00e0 amb un v\u00eddeo musical.<\/div>\n<div dir=\"auto\"><\/div>\n<div dir=\"auto\"><a href=\"https:\/\/view.genial.ly\/603d4970d0bbb40d2ce095da\/presentation-cancons-pel-dia-8-de-marc\" target=\"_blank\" rel=\"noopener noreferrer\" data-saferedirecturl=\"https:\/\/www.google.com\/url?q=https:\/\/view.genial.ly\/603d4970d0bbb40d2ce095da\/presentation-cancons-pel-dia-8-de-marc&amp;source=gmail&amp;ust=1615044856433000&amp;usg=AFQjCNEFpvNePrOdIln90KPt_EBm7iVSHA\">https:\/\/view.genial.ly\/<wbr \/>603d4970d0bbb40d2ce095da\/<wbr \/>presentation-cancons-pel-dia-<wbr \/>8-de-marc<\/a><\/div>\n<div dir=\"auto\"><\/div>\n<div dir=\"auto\">FELI\u00c7 DIA DE LES DONES A TOTHOM!<\/div>\n","protected":false},"excerpt":{"rendered":"<p>Us compartim un regal de l\u2019equip d\u2019Inclusiva per a celebrar el dia de les DONES 08\/03\/2021<br \/>\nCadascuna ha triat una can\u00e7\u00f3. Si cliqueu a cada nom de dona us enlla\u00e7ar\u00e0 amb un v\u00eddeo musical.<\/p>\n<p><a href=\"https:\/\/view.genial.ly\/603d4970d0bbb40d2ce095da\/presentation-cancons-pel-dia-8-de-marc\" target=\"_blank\" rel=\"noopener noreferrer\" data-saferedirecturl=\"https:\/\/www.google.com\/url?q=https:\/\/view.genial.ly\/603d4970d0bbb40d2ce095da\/presentation-cancons-pel-dia-8-de-marc&amp;source=gmail&amp;ust=1615044856433000&amp;usg=AFQjCNEFpvNePrOdIln90KPt_EBm7iVSHA\">https:\/\/view.genial.ly\/603d4970d0bbb40d2ce095da\/presentation-cancons-pel-dia-8-de-marc<\/a><\/p>\n<p>FELI\u00c7 DIA DE LES DONES A TOTHOM!<\/p>\n","protected":false},"author":137,"featured_media":0,"comment_status":"open","ping_status":"closed","sticky":false,"template":"","format":"standard","meta":{"_bbp_topic_count":0,"_bbp_reply_count":0,"_bbp_total_topic_count":0,"_bbp_total_reply_count":0,"_bbp_voice_count":0,"_bbp_anonymous_reply_count":0,"_bbp_topic_count_hidden":0,"_bbp_reply_count_hidden":0,"_bbp_forum_subforum_count":0,"footnotes":""},"categories":[1],"tags":[],"class_list":["post-13714","post","type-post","status-publish","format-standard","hentry","category-general"],"post_mailing_queue_ids":[],"_links":{"self":[{"href":"https:\/\/serveiseducatius.xtec.cat\/altmaresme\/wp-json\/wp\/v2\/posts\/13714","targetHints":{"allow":["GET"]}}],"collection":[{"href":"https:\/\/serveiseducatius.xtec.cat\/altmaresme\/wp-json\/wp\/v2\/posts"}],"about":[{"href":"https:\/\/serveiseducatius.xtec.cat\/altmaresme\/wp-json\/wp\/v2\/types\/post"}],"author":[{"embeddable":true,"href":"https:\/\/serveiseducatius.xtec.cat\/altmaresme\/wp-json\/wp\/v2\/users\/137"}],"replies":[{"embeddable":true,"href":"https:\/\/serveiseducatius.xtec.cat\/altmaresme\/wp-json\/wp\/v2\/comments?post=13714"}],"version-history":[{"count":1,"href":"https:\/\/serveiseducatius.xtec.cat\/altmaresme\/wp-json\/wp\/v2\/posts\/13714\/revisions"}],"predecessor-version":[{"id":13715,"href":"https:\/\/serveiseducatius.xtec.cat\/altmaresme\/wp-json\/wp\/v2\/posts\/13714\/revisions\/13715"}],"wp:attachment":[{"href":"https:\/\/serveiseducatius.xtec.cat\/altmaresme\/wp-json\/wp\/v2\/media?parent=13714"}],"wp:term":[{"taxonomy":"category","embeddable":true,"href":"https:\/\/serveiseducatius.xtec.cat\/altmaresme\/wp-json\/wp\/v2\/categories?post=13714"},{"taxonomy":"post_tag","embeddable":true,"href":"https:\/\/serveiseducatius.xtec.cat\/altmaresme\/wp-json\/wp\/v2\/tags?post=13714"}],"curies":[{"name":"wp","href":"https:\/\/api.w.org\/{rel}","templated":true}]}}