{"id":13670,"date":"2021-02-24T08:38:40","date_gmt":"2021-02-24T07:38:40","guid":{"rendered":"http:\/\/serveiseducatius.xtec.cat\/altmaresme\/?p=13670"},"modified":"2021-02-22T12:47:49","modified_gmt":"2021-02-22T11:47:49","slug":"buenas-practicas-inclusivas-en-recreos-y-deporte-en-edad-escolar","status":"publish","type":"post","link":"https:\/\/serveiseducatius.xtec.cat\/altmaresme\/general\/buenas-practicas-inclusivas-en-recreos-y-deporte-en-edad-escolar\/","title":{"rendered":"Buenas Pr\u00e1cticas Inclusivas en Recreos y Deporte en edad escolar"},"content":{"rendered":"<div class=\"wpb_column vc_column_container vc_col-sm-6\">\n<div class=\"vc_column-inner \">\n<div class=\"wpb_wrapper\">\n<div class=\"wpb_text_column wpb_content_element \">\n<div class=\"wpb_wrapper\">\n<p>El <strong>I Congreso Internacional de Buenas Pr\u00e1cticas Inclusivas en Recreos y Deporte en edad escolar<\/strong> es un proyecto organizado por el <strong>Grupo de Investigaci\u00f3n Aparato Locomotor y Deporte <\/strong>de la Universidad de Murcia. Cuenta con el impulso principal de la <strong>Fundaci\u00f3n RafaPuede<\/strong> y del <strong>Gabinete Psicopedag\u00f3gico Entramados<\/strong> (Oviedo), cuna del programa <em>Patios y Parques Din\u00e1micos<\/em>.<\/p>\n<p>Con el lema, <em><strong>\u201cEl Patio, un espacio de juegos y valores\u201d<\/strong><\/em>, este congreso tiene como reto dar a conocer el estado de la cuesti\u00f3n en materia de inclusi\u00f3n educativa en Espa\u00f1a. Espec\u00edficamente en el entorno de los recreos, de la Educaci\u00f3n F\u00edsica y del deporte en edad escolar.<\/p>\n<p>En definitiva, se tratar\u00e1n temas muy relevantes para el fortalecimiento del sistema educativo actual y para beneficio de todas las comunidades educativas que lo componen, aportando numerosas propuestas de car\u00e1cter organizativo y pr\u00e1ctico para potenciar la construcci\u00f3n de un Dise\u00f1o Universal de Juego y Deporte en la infancia.<\/p>\n<p>M\u00e9s informaci\u00f3 clicant la imatge.<\/p>\n<p style=\"text-align: center;\"><a href=\"http:\/\/www.playgroundsforinclusion.com\/#congreso\" target=\"_blank\" rel=\"noopener noreferrer\"><img loading=\"lazy\" decoding=\"async\" class=\"alignnone size-full wp-image-13672\" src=\"https:\/\/serveiseducatius.xtec.cat\/altmaresme\/wp-content\/uploads\/usu1140\/2021\/02\/pati_inclusiu.png\" alt=\"\" width=\"997\" height=\"764\" srcset=\"https:\/\/serveiseducatius.xtec.cat\/altmaresme\/wp-content\/uploads\/usu1140\/2021\/02\/pati_inclusiu.png 997w, https:\/\/serveiseducatius.xtec.cat\/altmaresme\/wp-content\/uploads\/usu1140\/2021\/02\/pati_inclusiu-300x230.png 300w, https:\/\/serveiseducatius.xtec.cat\/altmaresme\/wp-content\/uploads\/usu1140\/2021\/02\/pati_inclusiu-768x589.png 768w\" sizes=\"auto, (max-width: 997px) 100vw, 997px\" \/><\/a><\/p>\n<\/div>\n<\/div>\n<\/div>\n<\/div>\n<\/div>\n","protected":false},"excerpt":{"rendered":"<p>El I Congreso Internacional de Buenas Pr\u00e1cticas Inclusivas en Recreos y Deporte en edad escolar es un proyecto organizado por el Grupo de Investigaci\u00f3n Aparato Locomotor y Deporte de la Universidad de Murcia. Cuenta con el impulso principal de la Fundaci\u00f3n RafaPuede y del Gabinete&hellip;  <a href=\"https:\/\/serveiseducatius.xtec.cat\/altmaresme\/general\/buenas-practicas-inclusivas-en-recreos-y-deporte-en-edad-escolar\/\" title=\"Read Buenas Pr\u00e1cticas Inclusivas en Recreos y Deporte en edad escolar\">Llegeix m\u00e9s\u00bb<\/a><\/p>\n","protected":false},"author":1,"featured_media":13672,"comment_status":"open","ping_status":"closed","sticky":false,"template":"","format":"standard","meta":{"_bbp_topic_count":0,"_bbp_reply_count":0,"_bbp_total_topic_count":0,"_bbp_total_reply_count":0,"_bbp_voice_count":0,"_bbp_anonymous_reply_count":0,"_bbp_topic_count_hidden":0,"_bbp_reply_count_hidden":0,"_bbp_forum_subforum_count":0,"footnotes":""},"categories":[285,1051,1,29,1046,1045],"tags":[],"class_list":["post-13670","post","type-post","status-publish","format-standard","has-post-thumbnail","hentry","category-dua","category-formacio","category-general","category-portada","category-primaria","category-secundaria"],"post_mailing_queue_ids":[],"_links":{"self":[{"href":"https:\/\/serveiseducatius.xtec.cat\/altmaresme\/wp-json\/wp\/v2\/posts\/13670","targetHints":{"allow":["GET"]}}],"collection":[{"href":"https:\/\/serveiseducatius.xtec.cat\/altmaresme\/wp-json\/wp\/v2\/posts"}],"about":[{"href":"https:\/\/serveiseducatius.xtec.cat\/altmaresme\/wp-json\/wp\/v2\/types\/post"}],"author":[{"embeddable":true,"href":"https:\/\/serveiseducatius.xtec.cat\/altmaresme\/wp-json\/wp\/v2\/users\/1"}],"replies":[{"embeddable":true,"href":"https:\/\/serveiseducatius.xtec.cat\/altmaresme\/wp-json\/wp\/v2\/comments?post=13670"}],"version-history":[{"count":2,"href":"https:\/\/serveiseducatius.xtec.cat\/altmaresme\/wp-json\/wp\/v2\/posts\/13670\/revisions"}],"predecessor-version":[{"id":13673,"href":"https:\/\/serveiseducatius.xtec.cat\/altmaresme\/wp-json\/wp\/v2\/posts\/13670\/revisions\/13673"}],"wp:featuredmedia":[{"embeddable":true,"href":"https:\/\/serveiseducatius.xtec.cat\/altmaresme\/wp-json\/wp\/v2\/media\/13672"}],"wp:attachment":[{"href":"https:\/\/serveiseducatius.xtec.cat\/altmaresme\/wp-json\/wp\/v2\/media?parent=13670"}],"wp:term":[{"taxonomy":"category","embeddable":true,"href":"https:\/\/serveiseducatius.xtec.cat\/altmaresme\/wp-json\/wp\/v2\/categories?post=13670"},{"taxonomy":"post_tag","embeddable":true,"href":"https:\/\/serveiseducatius.xtec.cat\/altmaresme\/wp-json\/wp\/v2\/tags?post=13670"}],"curies":[{"name":"wp","href":"https:\/\/api.w.org\/{rel}","templated":true}]}}