{"id":13652,"date":"2021-02-22T20:18:35","date_gmt":"2021-02-22T19:18:35","guid":{"rendered":"http:\/\/serveiseducatius.xtec.cat\/altmaresme\/?p=13652"},"modified":"2021-02-22T09:20:25","modified_gmt":"2021-02-22T08:20:25","slug":"institut-nacional-de-tecnologies-educatives-i-de-formacio-del-professorat","status":"publish","type":"post","link":"https:\/\/serveiseducatius.xtec.cat\/altmaresme\/portada\/institut-nacional-de-tecnologies-educatives-i-de-formacio-del-professorat\/","title":{"rendered":"Institut Nacional de Tecnologies Educatives i de Formaci\u00f3 del Professorat"},"content":{"rendered":"<p>L&#8217;<a href=\"https:\/\/intef.es\/\" data-saferedirecturl=\"https:\/\/www.google.com\/url?q=https:\/\/intef.es\/&amp;source=gmail&amp;ust=1614066076429000&amp;usg=AFQjCNE4T-UXTp_e0JCBu-g41DwHyctjHQ\">Institut Nacional de Tecnologies Educatives i de Formaci\u00f3 del Professorat<\/a>\u00a0(INTEF) \u00e9s la unitat del\u00a0<a href=\"https:\/\/www.educacionyfp.gob.es\/portada.html\" data-saferedirecturl=\"https:\/\/www.google.com\/url?q=https:\/\/www.educacionyfp.gob.es\/portada.html&amp;source=gmail&amp;ust=1614066076429000&amp;usg=AFQjCNFdLjQtit2J1kl9bJ2Ygimm9uSJiA\">Ministeri d&#8217;Educaci\u00f3 i Formaci\u00f3 Professional<\/a>, responsable de la integraci\u00f3 de les TIC a les etapes educatives no universit\u00e0ries.<\/p>\n<p>Us fem arribar la l&#8217;oferta formativa en l\u00ednia de l&#8217;INTEF adre\u00e7ada al professorat:<\/p>\n<p><a href=\"http:\/\/xtec.gencat.cat\/ca\/formacio\/formacio-altres-institucions\/intef\/\" data-saferedirecturl=\"https:\/\/www.google.com\/url?q=http:\/\/xtec.gencat.cat\/ca\/formacio\/formacio-altres-institucions\/intef\/&amp;source=gmail&amp;ust=1614066076429000&amp;usg=AFQjCNFkMMI88Q-ohyiFA4EsoOfkCFfzjg\">http:\/\/xtec.gencat.cat\/ca\/formacio\/formacio-altres-institucions\/intef\/<\/a><\/p>\n<p>Les sol\u00b7licituds als cursos es realitzen des del seu\u00a0<a href=\"https:\/\/intef.es\/\" data-saferedirecturl=\"https:\/\/www.google.com\/url?q=https:\/\/intef.es\/&amp;source=gmail&amp;ust=1614066076429000&amp;usg=AFQjCNE4T-UXTp_e0JCBu-g41DwHyctjHQ\">lloc web<\/a>\u00a0o a trav\u00e9s de\u00a0<a href=\"http:\/\/www.educacionyfp.gob.es\/servicios-al-ciudadano\/catalogo\/profesorado\/profesorado-no-universitario\/cursos-y-jornadas\/formacion-en-red-profesorado.html#dc1\" data-saferedirecturl=\"https:\/\/www.google.com\/url?q=http:\/\/www.educacionyfp.gob.es\/servicios-al-ciudadano\/catalogo\/profesorado\/profesorado-no-universitario\/cursos-y-jornadas\/formacion-en-red-profesorado.html%23dc1&amp;source=gmail&amp;ust=1614066076429000&amp;usg=AFQjCNFAURSW3x2jVb1zhjvVvyWlf9OUuQ\">la seu electr\u00f2nica del Ministeri d&#8217;Educaci\u00f3 i Formaci\u00f3 Professional<\/a>.\u00a0La inscripci\u00f3 finalitza l\u20191 de mar\u00e7.<\/p>\n","protected":false},"excerpt":{"rendered":"<p>L&#8217;<a href=\"https:\/\/intef.es\/\" data-saferedirecturl=\"https:\/\/www.google.com\/url?q=https:\/\/intef.es\/&amp;source=gmail&amp;ust=1614066076429000&amp;usg=AFQjCNE4T-UXTp_e0JCBu-g41DwHyctjHQ\">Institut Nacional de Tecnologies Educatives i de Formaci\u00f3 del Professorat<\/a>\u00a0(INTEF) \u00e9s la unitat del\u00a0<a href=\"https:\/\/www.educacionyfp.gob.es\/portada.html\" data-saferedirecturl=\"https:\/\/www.google.com\/url?q=https:\/\/www.educacionyfp.gob.es\/portada.html&amp;source=gmail&amp;ust=1614066076429000&amp;usg=AFQjCNFdLjQtit2J1kl9bJ2Ygimm9uSJiA\">Ministeri d&#8217;Educaci\u00f3 i Formaci\u00f3 Professional<\/a>, responsable de la integraci\u00f3 de les TIC a les etapes educatives no universit\u00e0ries.<br \/>\nUs fem arribar la l&#8217;oferta formativa en l\u00ednia de l&#8217;INTEF adre\u00e7ada&hellip;  <a href=\"https:\/\/serveiseducatius.xtec.cat\/altmaresme\/portada\/institut-nacional-de-tecnologies-educatives-i-de-formacio-del-professorat\/\" title=\"Read Institut Nacional de Tecnologies Educatives i de Formaci\u00f3 del Professorat\">Llegeix m\u00e9s\u00bb<\/a><\/p>\n","protected":false},"author":1,"featured_media":13653,"comment_status":"open","ping_status":"closed","sticky":false,"template":"","format":"standard","meta":{"_bbp_topic_count":0,"_bbp_reply_count":0,"_bbp_total_topic_count":0,"_bbp_total_reply_count":0,"_bbp_voice_count":0,"_bbp_anonymous_reply_count":0,"_bbp_topic_count_hidden":0,"_bbp_reply_count_hidden":0,"_bbp_forum_subforum_count":0,"footnotes":""},"categories":[500,1051,29,1046,1045],"tags":[],"class_list":["post-13652","post","type-post","status-publish","format-standard","has-post-thumbnail","hentry","category-culturadigital","category-formacio","category-portada","category-primaria","category-secundaria"],"post_mailing_queue_ids":[],"_links":{"self":[{"href":"https:\/\/serveiseducatius.xtec.cat\/altmaresme\/wp-json\/wp\/v2\/posts\/13652","targetHints":{"allow":["GET"]}}],"collection":[{"href":"https:\/\/serveiseducatius.xtec.cat\/altmaresme\/wp-json\/wp\/v2\/posts"}],"about":[{"href":"https:\/\/serveiseducatius.xtec.cat\/altmaresme\/wp-json\/wp\/v2\/types\/post"}],"author":[{"embeddable":true,"href":"https:\/\/serveiseducatius.xtec.cat\/altmaresme\/wp-json\/wp\/v2\/users\/1"}],"replies":[{"embeddable":true,"href":"https:\/\/serveiseducatius.xtec.cat\/altmaresme\/wp-json\/wp\/v2\/comments?post=13652"}],"version-history":[{"count":1,"href":"https:\/\/serveiseducatius.xtec.cat\/altmaresme\/wp-json\/wp\/v2\/posts\/13652\/revisions"}],"predecessor-version":[{"id":13654,"href":"https:\/\/serveiseducatius.xtec.cat\/altmaresme\/wp-json\/wp\/v2\/posts\/13652\/revisions\/13654"}],"wp:featuredmedia":[{"embeddable":true,"href":"https:\/\/serveiseducatius.xtec.cat\/altmaresme\/wp-json\/wp\/v2\/media\/13653"}],"wp:attachment":[{"href":"https:\/\/serveiseducatius.xtec.cat\/altmaresme\/wp-json\/wp\/v2\/media?parent=13652"}],"wp:term":[{"taxonomy":"category","embeddable":true,"href":"https:\/\/serveiseducatius.xtec.cat\/altmaresme\/wp-json\/wp\/v2\/categories?post=13652"},{"taxonomy":"post_tag","embeddable":true,"href":"https:\/\/serveiseducatius.xtec.cat\/altmaresme\/wp-json\/wp\/v2\/tags?post=13652"}],"curies":[{"name":"wp","href":"https:\/\/api.w.org\/{rel}","templated":true}]}}