{"id":13620,"date":"2021-02-10T13:13:58","date_gmt":"2021-02-10T12:13:58","guid":{"rendered":"http:\/\/serveiseducatius.xtec.cat\/altmaresme\/?p=13620"},"modified":"2021-02-10T13:13:58","modified_gmt":"2021-02-10T12:13:58","slug":"de-nenes-a-cientifiques-11-de-febrer","status":"publish","type":"post","link":"https:\/\/serveiseducatius.xtec.cat\/altmaresme\/portada\/de-nenes-a-cientifiques-11-de-febrer\/","title":{"rendered":"De nenes a cient\u00edfiques. 11 de febrer."},"content":{"rendered":"<p>Recurs per a classe de prim\u00e0ria: Si encara no us heu programat cap activitat per dem\u00e0 us presentem la que proposa la UB. Ben senzilla i directe al gra. Trobareu tot el que us cal a l&#8217;enlla\u00e7: <a href=\"http:\/\/www.ub.edu\/laubdivulga\/11f\/denenesacientifiques.html\" target=\"_blank\" rel=\"noopener noreferrer\">http:\/\/www.ub.edu\/laubdivulga\/11f\/denenesacientifiques.html<\/a><\/p>\n<p>&nbsp;<\/p>\n","protected":false},"excerpt":{"rendered":"<p>Recurs per a classe de prim\u00e0ria: Si encara no us heu programat cap activitat per dem\u00e0 us presentem la que proposa la UB. Ben senzilla i directe al gra. Trobareu tot el que us cal a l&#8217;enlla\u00e7: <a href=\"http:\/\/www.ub.edu\/laubdivulga\/11f\/denenesacientifiques.html\" target=\"_blank\" rel=\"noopener noreferrer\">http:\/\/www.ub.edu\/laubdivulga\/11f\/denenesacientifiques.html<\/a><br \/>\n&nbsp;<\/p>\n","protected":false},"author":1,"featured_media":13621,"comment_status":"open","ping_status":"closed","sticky":false,"template":"","format":"standard","meta":{"_bbp_topic_count":0,"_bbp_reply_count":0,"_bbp_total_topic_count":0,"_bbp_total_reply_count":0,"_bbp_voice_count":0,"_bbp_anonymous_reply_count":0,"_bbp_topic_count_hidden":0,"_bbp_reply_count_hidden":0,"_bbp_forum_subforum_count":0,"footnotes":""},"categories":[1063,1057,29,1046],"tags":[],"class_list":["post-13620","post","type-post","status-publish","format-standard","has-post-thumbnail","hentry","category-premis-i-concursos","category-medi","category-portada","category-primaria"],"post_mailing_queue_ids":[],"_links":{"self":[{"href":"https:\/\/serveiseducatius.xtec.cat\/altmaresme\/wp-json\/wp\/v2\/posts\/13620","targetHints":{"allow":["GET"]}}],"collection":[{"href":"https:\/\/serveiseducatius.xtec.cat\/altmaresme\/wp-json\/wp\/v2\/posts"}],"about":[{"href":"https:\/\/serveiseducatius.xtec.cat\/altmaresme\/wp-json\/wp\/v2\/types\/post"}],"author":[{"embeddable":true,"href":"https:\/\/serveiseducatius.xtec.cat\/altmaresme\/wp-json\/wp\/v2\/users\/1"}],"replies":[{"embeddable":true,"href":"https:\/\/serveiseducatius.xtec.cat\/altmaresme\/wp-json\/wp\/v2\/comments?post=13620"}],"version-history":[{"count":1,"href":"https:\/\/serveiseducatius.xtec.cat\/altmaresme\/wp-json\/wp\/v2\/posts\/13620\/revisions"}],"predecessor-version":[{"id":13622,"href":"https:\/\/serveiseducatius.xtec.cat\/altmaresme\/wp-json\/wp\/v2\/posts\/13620\/revisions\/13622"}],"wp:featuredmedia":[{"embeddable":true,"href":"https:\/\/serveiseducatius.xtec.cat\/altmaresme\/wp-json\/wp\/v2\/media\/13621"}],"wp:attachment":[{"href":"https:\/\/serveiseducatius.xtec.cat\/altmaresme\/wp-json\/wp\/v2\/media?parent=13620"}],"wp:term":[{"taxonomy":"category","embeddable":true,"href":"https:\/\/serveiseducatius.xtec.cat\/altmaresme\/wp-json\/wp\/v2\/categories?post=13620"},{"taxonomy":"post_tag","embeddable":true,"href":"https:\/\/serveiseducatius.xtec.cat\/altmaresme\/wp-json\/wp\/v2\/tags?post=13620"}],"curies":[{"name":"wp","href":"https:\/\/api.w.org\/{rel}","templated":true}]}}