{"id":13590,"date":"2021-02-05T11:00:51","date_gmt":"2021-02-05T10:00:51","guid":{"rendered":"http:\/\/serveiseducatius.xtec.cat\/altmaresme\/?p=13590"},"modified":"2021-02-17T15:30:44","modified_gmt":"2021-02-17T14:30:44","slug":"el-dia-16-de-febrer-es-el-dia-mundial-de-la-lectura-en-veu-alta","status":"publish","type":"post","link":"https:\/\/serveiseducatius.xtec.cat\/altmaresme\/portada\/el-dia-16-de-febrer-es-el-dia-mundial-de-la-lectura-en-veu-alta\/","title":{"rendered":"El dia 3 de febrer va ser el dia Mundial de la Lectura en Veu Alta d&#8217;aquest any"},"content":{"rendered":"<p><span style=\"font-weight: 400;\">Les Biblioteques de Pineda de Mar conjuntament amb les Biblioteques del Maresme presenten la guia \u201cLlegir en Veu Alta: un plaer compartit\u201d en el marc del nou projecte de comarca \u201cDonem Veu a la Lectura\u201d.<\/span><\/p>\n<p><a href=\"https:\/\/www.youtube.com\/watch?v=WkYosdBxjSc\">V\u00cdDEO<\/a> explicatiu amb la intervenci\u00f3 de docents de l&#8217;ESC Ignasi Iglesias de Tordera<\/p>\n<p><span style=\"font-weight: 400;\">Coincidint amb el Dia Internacional de la Lectura en Veu Alta, aquest mes de febrer les Biblioteques del Maresme presenten la guia \u201cLlegir en Veu Alta: un plaer compartit\u201d que s\u2019ha elaborat amb la col\u00b7laboraci\u00f3 i assessorament de l\u2019escriptora mataronina Lola Casas. Amb aquesta guia es pret\u00e9n oferir una eina pr\u00e0ctica per a pares i mares, professorat i personal bibliotecari, que vulguin practicar la lectura en veu alta amb infants d\u2019edats compreses entre 6 i 12 anys.<\/span><\/p>\n<p><span style=\"font-weight: 400;\">Aix\u00ed, la guia inclou orientacions pr\u00e0ctiques, propostes liter\u00e0ries per a tots els gustos i poemes propis de la Lola Casas. La guia estar\u00e0 disponible a les biblioteques del Maresme i per a tothom interessat en aquesta pr\u00e0ctica.<\/span><\/p>\n<p><span style=\"font-weight: 400;\">Les Biblioteques Municipals del Maresme volen esdevenir un dels referents de la lectura en veu alta a trav\u00e9s de l\u2019acompanyament, l\u2019assessorament, la motivaci\u00f3 i l\u2019aprenentatge. Per aix\u00f2 han dissenyat un conjunt d\u2019accions encaminades a donar a con\u00e8ixer i promoure la lectura en veu alta, alhora que fer visibles els valors i beneficis que t\u00e9 aquesta pr\u00e0ctica, no nom\u00e9s pels infants i joves, sin\u00f3 tamb\u00e9 per a totes les edats i condicions. Totes aquestes accions van dirigides als professionals de l\u2018\u00e0mbit de l\u2019educaci\u00f3, de les fam\u00edlies, de les pr\u00f2pies biblioteques, i en general a tothom que vulgui fomentar el gust per la lectura en veu alta.<\/span><\/p>\n<p><span style=\"font-weight: 400;\">Dins el projecte les biblioteques ofereixen sessions formatives, maletes pedag\u00f2giques i lots de documents dirigits als centres educatius, programaci\u00f3 d\u2019activitats (tallers, clubs de lectura, exposicions&#8230;) i trobades virtuals amb referents de la lectura en veu alta, entre molts altres recursos. Les Biblioteques Municipals del Maresme, a trav\u00e9s dels seus canals habituals de comunicaci\u00f3 aniran informant de tots els esdeveniments programats.<\/span><\/p>\n<p>&nbsp;<\/p>\n<p>&nbsp;<\/p>\n","protected":false},"excerpt":{"rendered":"<p>Les Biblioteques de Pineda de Mar conjuntament amb les Biblioteques del Maresme presenten la guia \u201cLlegir en Veu Alta: un plaer compartit\u201d en el marc del nou projecte de comarca \u201cDonem Veu a la Lectura\u201d.<br \/>\n<a href=\"https:\/\/www.youtube.com\/watch?v=WkYosdBxjSc\">V\u00cdDEO<\/a> explicatiu amb la intervenci\u00f3 de docents de l&#8217;ESC Ignasi&hellip;  <a href=\"https:\/\/serveiseducatius.xtec.cat\/altmaresme\/portada\/el-dia-16-de-febrer-es-el-dia-mundial-de-la-lectura-en-veu-alta\/\" title=\"Read El dia 3 de febrer va ser el dia Mundial de la Lectura en Veu Alta d&#8217;aquest any\">Llegeix m\u00e9s\u00bb<\/a><\/p>\n","protected":false},"author":137,"featured_media":13591,"comment_status":"open","ping_status":"closed","sticky":false,"template":"","format":"standard","meta":{"_bbp_topic_count":0,"_bbp_reply_count":0,"_bbp_total_topic_count":0,"_bbp_total_reply_count":0,"_bbp_voice_count":0,"_bbp_anonymous_reply_count":0,"_bbp_topic_count_hidden":0,"_bbp_reply_count_hidden":0,"_bbp_forum_subforum_count":0,"footnotes":""},"categories":[72,29,1046],"tags":[],"class_list":["post-13590","post","type-post","status-publish","format-standard","has-post-thumbnail","hentry","category-lectura-en-veu-alta","category-portada","category-primaria"],"post_mailing_queue_ids":[],"_links":{"self":[{"href":"https:\/\/serveiseducatius.xtec.cat\/altmaresme\/wp-json\/wp\/v2\/posts\/13590","targetHints":{"allow":["GET"]}}],"collection":[{"href":"https:\/\/serveiseducatius.xtec.cat\/altmaresme\/wp-json\/wp\/v2\/posts"}],"about":[{"href":"https:\/\/serveiseducatius.xtec.cat\/altmaresme\/wp-json\/wp\/v2\/types\/post"}],"author":[{"embeddable":true,"href":"https:\/\/serveiseducatius.xtec.cat\/altmaresme\/wp-json\/wp\/v2\/users\/137"}],"replies":[{"embeddable":true,"href":"https:\/\/serveiseducatius.xtec.cat\/altmaresme\/wp-json\/wp\/v2\/comments?post=13590"}],"version-history":[{"count":2,"href":"https:\/\/serveiseducatius.xtec.cat\/altmaresme\/wp-json\/wp\/v2\/posts\/13590\/revisions"}],"predecessor-version":[{"id":13649,"href":"https:\/\/serveiseducatius.xtec.cat\/altmaresme\/wp-json\/wp\/v2\/posts\/13590\/revisions\/13649"}],"wp:featuredmedia":[{"embeddable":true,"href":"https:\/\/serveiseducatius.xtec.cat\/altmaresme\/wp-json\/wp\/v2\/media\/13591"}],"wp:attachment":[{"href":"https:\/\/serveiseducatius.xtec.cat\/altmaresme\/wp-json\/wp\/v2\/media?parent=13590"}],"wp:term":[{"taxonomy":"category","embeddable":true,"href":"https:\/\/serveiseducatius.xtec.cat\/altmaresme\/wp-json\/wp\/v2\/categories?post=13590"},{"taxonomy":"post_tag","embeddable":true,"href":"https:\/\/serveiseducatius.xtec.cat\/altmaresme\/wp-json\/wp\/v2\/tags?post=13590"}],"curies":[{"name":"wp","href":"https:\/\/api.w.org\/{rel}","templated":true}]}}