{"id":13490,"date":"2021-01-25T13:02:01","date_gmt":"2021-01-25T12:02:01","guid":{"rendered":"http:\/\/serveiseducatius.xtec.cat\/altmaresme\/?p=13490"},"modified":"2021-02-01T12:32:16","modified_gmt":"2021-02-01T11:32:16","slug":"xerrada-inaugural-quin-es-el-reconeixement-de-les-dones-cientifiques-en-els-premis-nobel","status":"publish","type":"post","link":"https:\/\/serveiseducatius.xtec.cat\/altmaresme\/portada\/xerrada-inaugural-quin-es-el-reconeixement-de-les-dones-cientifiques-en-els-premis-nobel\/","title":{"rendered":"Xerrada inaugural: &#8220;Quin \u00e9s el reconeixement de les dones cient\u00edfiques en els premis Nobel?&#8221;"},"content":{"rendered":"<div>\n<p>Et convidem el proper <strong>dilluns 1 de febrer a una xerrada interactiva sobre el paper de les dones cient\u00edfiques en els premis Nobel<\/strong>, a c\u00e0rrec d&#8217;Irene Lapuente, fundadora de la Mandarina de Newton.<\/p>\n<p>Amb aquesta xerrada inaugurem la segona edici\u00f3 de la <strong><a href=\"http:\/\/tecnocampus.bmetrack.com\/c\/l?u=BB48B0F&amp;e=11CE231&amp;c=B65DE&amp;t=0&amp;l=&amp;email=QNDRuKH89tzu8ZudbRS%2FG7xytUmDUSH6&amp;seq=1\" target=\"_blank\" rel=\"noopener noreferrer\">TecnoGirl<\/a>,<\/strong> <strong>un projecte per fomentar les vocacions tecnologiques en el col\u00b7lectiu de noies en edat compresa entre els 12 i 18 anys<\/strong>, per contribuir aix\u00ed a posar fi a la bretxa de g\u00e8nere que hi ha en professions d\u2019aquest \u00e0mbit.<\/p>\n<p>L&#8217;acte tamb\u00e9 <strong>comptar\u00e0 amb la participaci\u00f3 de Laura Artigas, enginyera aeron\u00e0utica a Airbus<\/strong> i una de les protagonistes de l&#8217;exposici\u00f3 itinerant &#8220;<strong><a href=\"http:\/\/tecnocampus.bmetrack.com\/c\/l?u=BB48B10&amp;e=11CE231&amp;c=B65DE&amp;t=0&amp;l=&amp;email=QNDRuKH89tzu8ZudbRS%2FG7xytUmDUSH6&amp;seq=1\" target=\"_blank\" rel=\"noopener noreferrer\">Dones i tecnologia<\/a><\/strong>&#8220;. L&#8217;exposici\u00f3 tamb\u00e9 s&#8217;organitza en el marc de la TecnoGirl i es podr\u00e0 visitar de febrer a juny en diferents biblioteques del Maresme.<\/p>\n<div>\n<div><strong>Quan?<\/strong><\/div>\n<div>\n<p>Dilluns 1 de febrer a les 12.30h<\/p>\n<p><strong>Com?<\/strong><\/p>\n<\/div>\n<div>\n<p>Online des del <strong><a href=\"https:\/\/www.youtube.com\/watch?v=IzABwIS4BOY\" target=\"_blank\" rel=\"noopener noreferrer\">Canal de YouTube del TecnoCampus<\/a><\/strong><\/p>\n<p><strong>Qui?<\/strong><\/p>\n<\/div>\n<div>Obert a tots els centres educatius, estudiants, futurs estudiants i apassionats de la tecnologia i la ci\u00e8ncia.<\/div>\n<div><\/div>\n<\/div>\n<div>\n<div>\n<p><strong>A<\/strong><strong><span data-contrast=\"auto\">ltres activitats del projecte <\/span><\/strong><strong><span data-contrast=\"auto\">TecnoGirl<\/span><\/strong><span data-ccp-props=\"{&quot;201341983&quot;:0,&quot;335559739&quot;:160,&quot;335559740&quot;:360}\">\u00a0<\/span><\/p>\n<div>El projecte preveu tamb\u00e9 <strong>tallers de tecnologia i ci\u00e8ncia<\/strong> dirigits a estudiants a diferents biblioteques del Maresme. Les <strong>inscripcions s\u00f3n gratu\u00eftes<\/strong>, i pots consultar <a href=\"https:\/\/tecnogirl.tecnocampus.cat\/tallers-tecnogirl\/#tallers_poblacio\" target=\"_blank\" rel=\"noopener noreferrer\">tots els tallers aqu\u00ed.<\/a><\/div>\n<\/div>\n<\/div>\n<\/div>\n","protected":false},"excerpt":{"rendered":"<p>Et convidem el proper dilluns 1 de febrer a una xerrada interactiva sobre el paper de les dones cient\u00edfiques en els premis Nobel, a c\u00e0rrec d&#8217;Irene Lapuente, fundadora de la Mandarina de Newton.<br \/>\nAmb aquesta xerrada inaugurem la segona edici\u00f3 de la <a href=\"http:\/\/tecnocampus.bmetrack.com\/c\/l?u=BB48B0F&amp;e=11CE231&amp;c=B65DE&amp;t=0&amp;l=&amp;email=QNDRuKH89tzu8ZudbRS%2FG7xytUmDUSH6&amp;seq=1\" target=\"_blank\" rel=\"noopener&hellip;  <a href=\"https:\/\/serveiseducatius.xtec.cat\/altmaresme\/portada\/xerrada-inaugural-quin-es-el-reconeixement-de-les-dones-cientifiques-en-els-premis-nobel\/\" title=\"Read Xerrada inaugural: &#8220;Quin \u00e9s el reconeixement de les dones cient\u00edfiques en els premis Nobel?&#8221;\">Llegeix m\u00e9s\u00bb<\/a><\/p>\n","protected":false},"author":1,"featured_media":13491,"comment_status":"open","ping_status":"closed","sticky":false,"template":"","format":"standard","meta":{"_bbp_topic_count":0,"_bbp_reply_count":0,"_bbp_total_topic_count":0,"_bbp_total_reply_count":0,"_bbp_voice_count":0,"_bbp_anonymous_reply_count":0,"_bbp_topic_count_hidden":0,"_bbp_reply_count_hidden":0,"_bbp_forum_subforum_count":0,"footnotes":""},"categories":[666,29,1045],"tags":[],"class_list":["post-13490","post","type-post","status-publish","format-standard","has-post-thumbnail","hentry","category-orientacio","category-portada","category-secundaria"],"post_mailing_queue_ids":[],"_links":{"self":[{"href":"https:\/\/serveiseducatius.xtec.cat\/altmaresme\/wp-json\/wp\/v2\/posts\/13490","targetHints":{"allow":["GET"]}}],"collection":[{"href":"https:\/\/serveiseducatius.xtec.cat\/altmaresme\/wp-json\/wp\/v2\/posts"}],"about":[{"href":"https:\/\/serveiseducatius.xtec.cat\/altmaresme\/wp-json\/wp\/v2\/types\/post"}],"author":[{"embeddable":true,"href":"https:\/\/serveiseducatius.xtec.cat\/altmaresme\/wp-json\/wp\/v2\/users\/1"}],"replies":[{"embeddable":true,"href":"https:\/\/serveiseducatius.xtec.cat\/altmaresme\/wp-json\/wp\/v2\/comments?post=13490"}],"version-history":[{"count":3,"href":"https:\/\/serveiseducatius.xtec.cat\/altmaresme\/wp-json\/wp\/v2\/posts\/13490\/revisions"}],"predecessor-version":[{"id":13555,"href":"https:\/\/serveiseducatius.xtec.cat\/altmaresme\/wp-json\/wp\/v2\/posts\/13490\/revisions\/13555"}],"wp:featuredmedia":[{"embeddable":true,"href":"https:\/\/serveiseducatius.xtec.cat\/altmaresme\/wp-json\/wp\/v2\/media\/13491"}],"wp:attachment":[{"href":"https:\/\/serveiseducatius.xtec.cat\/altmaresme\/wp-json\/wp\/v2\/media?parent=13490"}],"wp:term":[{"taxonomy":"category","embeddable":true,"href":"https:\/\/serveiseducatius.xtec.cat\/altmaresme\/wp-json\/wp\/v2\/categories?post=13490"},{"taxonomy":"post_tag","embeddable":true,"href":"https:\/\/serveiseducatius.xtec.cat\/altmaresme\/wp-json\/wp\/v2\/tags?post=13490"}],"curies":[{"name":"wp","href":"https:\/\/api.w.org\/{rel}","templated":true}]}}