{"id":13382,"date":"2021-01-14T09:00:00","date_gmt":"2021-01-14T08:00:00","guid":{"rendered":"http:\/\/serveiseducatius.xtec.cat\/altmaresme\/?p=13382"},"modified":"2021-01-13T10:04:32","modified_gmt":"2021-01-13T09:04:32","slug":"us-voleu-formar-en-curriculum-i-avaluacio-competencial-per-ambits","status":"publish","type":"post","link":"https:\/\/serveiseducatius.xtec.cat\/altmaresme\/general\/us-voleu-formar-en-curriculum-i-avaluacio-competencial-per-ambits\/","title":{"rendered":"Us voleu formar en curr\u00edculum i avaluaci\u00f3 competencial per \u00e0mbits?"},"content":{"rendered":"<p class=\"gmail_default\">Aqu\u00ed us facilitem els enlla\u00e7os d&#8217;inscripci\u00f3 de les activitats de Curr\u00edculum i avaluaci\u00f3 competencial per \u00e0mbits en format virtual que s&#8217;iniciaran al febrer i tenen un per\u00edode d&#8217;inscripci\u00f3 del 08\/01\/2021 al 19\/01\/2021.<\/p>\n<div class=\"gmail_default\"><\/div>\n<div class=\"gmail_default\"><\/div>\n<div class=\"gmail_default\">\n<table dir=\"ltr\" border=\"1\" cellspacing=\"0\" cellpadding=\"0\">\n<colgroup>\n<col width=\"591\" \/><\/colgroup>\n<tbody>\n<tr>\n<td><a href=\"https:\/\/aplicacions.gestioeducativa.gencat.cat\/pls\/soloas\/inscripcionsnp?codi=2004130557&amp;curs=2020-2021\" target=\"_blank\" rel=\"noopener noreferrer\" data-saferedirecturl=\"https:\/\/www.google.com\/url?q=https:\/\/aplicacions.gestioeducativa.gencat.cat\/pls\/soloas\/inscripcionsnp?codi%3D2004130557%26curs%3D2020-2021&amp;source=gmail&amp;ust=1608371991160000&amp;usg=AFQjCNEMuWfXqJO7-6n65sY6Rh0mNe4a0w\">2004130557 Curr\u00edculum i avaluaci\u00f3 competencial per \u00e0mbits (Ci\u00e8ncies Socials)<\/a><\/td>\n<\/tr>\n<tr>\n<td><a href=\"https:\/\/aplicacions.gestioeducativa.gencat.cat\/pls\/soloas\/inscripcionsnp?codi=5005130557&amp;curs=2020-2021\" target=\"_blank\" rel=\"noopener noreferrer\" data-saferedirecturl=\"https:\/\/www.google.com\/url?q=https:\/\/aplicacions.gestioeducativa.gencat.cat\/pls\/soloas\/inscripcionsnp?codi%3D5005130557%26curs%3D2020-2021&amp;source=gmail&amp;ust=1608371991160000&amp;usg=AFQjCNFTGPH-YehyM_RjzVtuzsF9ACTl3A\">5005130557 Curr\u00edculum i avaluaci\u00f3 competencial per \u00e0mbits (Ci\u00e8ncies Socials)<\/a><\/td>\n<\/tr>\n<tr>\n<td><\/td>\n<\/tr>\n<tr>\n<td><a href=\"https:\/\/aplicacions.gestioeducativa.gencat.cat\/pls\/soloas\/inscripcionsnp?codi=3000100557&amp;curs=2020-2021\" target=\"_blank\" rel=\"noopener noreferrer\" data-saferedirecturl=\"https:\/\/www.google.com\/url?q=https:\/\/aplicacions.gestioeducativa.gencat.cat\/pls\/soloas\/inscripcionsnp?codi%3D3000100557%26curs%3D2020-2021&amp;source=gmail&amp;ust=1608371991160000&amp;usg=AFQjCNEp_ZzWj1e2r8V3LVE-5bBAY2oCaA\">3000100557 Curr\u00edculum i avaluaci\u00f3 competencial per \u00e0mbits (cient\u00edfic tecnol\u00f2gic, BG\/FQ)<\/a><\/td>\n<\/tr>\n<tr>\n<td><a href=\"https:\/\/aplicacions.gestioeducativa.gencat.cat\/pls\/soloas\/inscripcionsnp?codi=4001100557&amp;curs=2020-2021\" target=\"_blank\" rel=\"noopener noreferrer\" data-saferedirecturl=\"https:\/\/www.google.com\/url?q=https:\/\/aplicacions.gestioeducativa.gencat.cat\/pls\/soloas\/inscripcionsnp?codi%3D4001100557%26curs%3D2020-2021&amp;source=gmail&amp;ust=1608371991160000&amp;usg=AFQjCNFMiu6JkZFbdwxgjhz3FCswloiKvw\">4001100557 Curr\u00edculum i avaluaci\u00f3 competencial per \u00e0mbits (cient\u00edfic tecnol\u00f2gic, BG\/FQ)<\/a><\/td>\n<\/tr>\n<tr>\n<td><\/td>\n<\/tr>\n<tr>\n<td><a href=\"https:\/\/aplicacions.gestioeducativa.gencat.cat\/pls\/soloas\/inscripcionsnp?codi=A001610557&amp;curs=2020-2021\" target=\"_blank\" rel=\"noopener noreferrer\" data-saferedirecturl=\"https:\/\/www.google.com\/url?q=https:\/\/aplicacions.gestioeducativa.gencat.cat\/pls\/soloas\/inscripcionsnp?codi%3DA001610557%26curs%3D2020-2021&amp;source=gmail&amp;ust=1608371991160000&amp;usg=AFQjCNG80pqyeWXRxQiMgcNMEjA0pCx34g\">A001610557 Curr\u00edculum i avaluaci\u00f3 competencial per \u00e0mbits (matem\u00e0tic)<\/a><\/td>\n<\/tr>\n<tr>\n<td><a href=\"https:\/\/aplicacions.gestioeducativa.gencat.cat\/pls\/soloas\/inscripcionsnp?codi=6004640557&amp;curs=2020-2021\" target=\"_blank\" rel=\"noopener noreferrer\" data-saferedirecturl=\"https:\/\/www.google.com\/url?q=https:\/\/aplicacions.gestioeducativa.gencat.cat\/pls\/soloas\/inscripcionsnp?codi%3D6004640557%26curs%3D2020-2021&amp;source=gmail&amp;ust=1608371991160000&amp;usg=AFQjCNEshuYl6DqruhtK2plDHAffl7zvFA\">6004640557 Curr\u00edculum i avaluaci\u00f3 competencial per \u00e0mbits (matem\u00e0tic)<\/a><\/td>\n<\/tr>\n<tr>\n<td><\/td>\n<\/tr>\n<tr>\n<td><a href=\"https:\/\/aplicacions.gestioeducativa.gencat.cat\/pls\/soloas\/inscripcionsnp?codi=5005140557&amp;curs=2020-2021\" target=\"_blank\" rel=\"noopener noreferrer\" data-saferedirecturl=\"https:\/\/www.google.com\/url?q=https:\/\/aplicacions.gestioeducativa.gencat.cat\/pls\/soloas\/inscripcionsnp?codi%3D5005140557%26curs%3D2020-2021&amp;source=gmail&amp;ust=1608371991160000&amp;usg=AFQjCNH38h8uVGh8HKuLc_TAnTYGQR59Bw\">5005140557 Curr\u00edculum i avaluaci\u00f3 competencial per \u00e0mbits (Cientificotecnol\u00f2gic, Tecnologia)<\/a><\/td>\n<\/tr>\n<tr>\n<td><a href=\"https:\/\/aplicacions.gestioeducativa.gencat.cat\/pls\/soloas\/inscripcionsnp?codi=8000190557&amp;curs=2020-2021\" target=\"_blank\" rel=\"noopener noreferrer\" data-saferedirecturl=\"https:\/\/www.google.com\/url?q=https:\/\/aplicacions.gestioeducativa.gencat.cat\/pls\/soloas\/inscripcionsnp?codi%3D8000190557%26curs%3D2020-2021&amp;source=gmail&amp;ust=1608371991160000&amp;usg=AFQjCNF1NG0bxU9B2bheXEAmdStYtUWNsw\">8000190557 Curr\u00edculum i avaluaci\u00f3 competencial per \u00e0mbits (Cientificotecnol\u00f2gic, Tecnologia)<\/a><\/td>\n<\/tr>\n<tr>\n<td><\/td>\n<\/tr>\n<tr>\n<td><a href=\"https:\/\/aplicacions.gestioeducativa.gencat.cat\/pls\/soloas\/inscripcionsnp?codi=A001620557&amp;curs=2020-2021\" target=\"_blank\" rel=\"noopener noreferrer\" data-saferedirecturl=\"https:\/\/www.google.com\/url?q=https:\/\/aplicacions.gestioeducativa.gencat.cat\/pls\/soloas\/inscripcionsnp?codi%3DA001620557%26curs%3D2020-2021&amp;source=gmail&amp;ust=1608371991160000&amp;usg=AFQjCNHzyZg4LkFdBvZMxvWmxLfNHwQdHw\">A001620557 Curr\u00edculum i avaluaci\u00f3 competencial per \u00e0mbits (ling\u00fc\u00edstic)<\/a><\/td>\n<\/tr>\n<tr>\n<td><a href=\"https:\/\/aplicacions.gestioeducativa.gencat.cat\/pls\/soloas\/inscripcionsnp?codi=2004140557&amp;curs=2020-2021\" target=\"_blank\" rel=\"noopener noreferrer\" data-saferedirecturl=\"https:\/\/www.google.com\/url?q=https:\/\/aplicacions.gestioeducativa.gencat.cat\/pls\/soloas\/inscripcionsnp?codi%3D2004140557%26curs%3D2020-2021&amp;source=gmail&amp;ust=1608371991160000&amp;usg=AFQjCNENcR3xVz3s_ijIaRV-aQKBiZWJSQ\">2004140557 Curr\u00edculum i avaluaci\u00f3 competencial per \u00e0mbits (ling\u00fc\u00edstic)<\/a><\/td>\n<\/tr>\n<tr>\n<td><\/td>\n<\/tr>\n<tr>\n<td><a href=\"https:\/\/aplicacions.gestioeducativa.gencat.cat\/pls\/soloas\/inscripcionsnp?codi=1000170557&amp;curs=2020-2021\" target=\"_blank\" rel=\"noopener noreferrer\" data-saferedirecturl=\"https:\/\/www.google.com\/url?q=https:\/\/aplicacions.gestioeducativa.gencat.cat\/pls\/soloas\/inscripcionsnp?codi%3D1000170557%26curs%3D2020-2021&amp;source=gmail&amp;ust=1608371991160000&amp;usg=AFQjCNHIUNGMC-sR5917W8xJ9dkrdMr1-A\">1000170557 Curr\u00edculum i avaluaci\u00f3 competencial per \u00e0mbits (ling\u00fc\u00edstic, angl\u00e8s)<\/a><\/td>\n<\/tr>\n<tr>\n<td><a href=\"https:\/\/aplicacions.gestioeducativa.gencat.cat\/pls\/soloas\/inscripcionsnp?codi=B001120557&amp;curs=2020-2021\" target=\"_blank\" rel=\"noopener noreferrer\" data-saferedirecturl=\"https:\/\/www.google.com\/url?q=https:\/\/aplicacions.gestioeducativa.gencat.cat\/pls\/soloas\/inscripcionsnp?codi%3DB001120557%26curs%3D2020-2021&amp;source=gmail&amp;ust=1608371991160000&amp;usg=AFQjCNGhq3LR7Pvdv4gzNH5SkZgk2VjD4w\">B001120557 Curr\u00edculum i avaluaci\u00f3 competencial per \u00e0mbits (ling\u00fc\u00edstic, angl\u00e8s)<\/a><\/td>\n<\/tr>\n<tr>\n<td><\/td>\n<\/tr>\n<tr>\n<td>6004650557 Curr\u00edculum i avaluaci\u00f3 competencial per \u00e0mbits (Educaci\u00f3 F\u00edsica)<\/td>\n<\/tr>\n<tr>\n<td><\/td>\n<\/tr>\n<tr>\n<td><a href=\"https:\/\/aplicacions.gestioeducativa.gencat.cat\/pls\/soloas\/inscripcionsnp?codi=1000180557&amp;curs=2020-2021\" target=\"_blank\" rel=\"noopener noreferrer\" data-saferedirecturl=\"https:\/\/www.google.com\/url?q=https:\/\/aplicacions.gestioeducativa.gencat.cat\/pls\/soloas\/inscripcionsnp?codi%3D1000180557%26curs%3D2020-2021&amp;source=gmail&amp;ust=1608371991160000&amp;usg=AFQjCNFq2sh55wfj5YoVwR650WpIQcg8pA\"><br \/>\n1000180557 Curr\u00edculum i avaluaci\u00f3 competencial per \u00e0mbits (art\u00edstic, m\u00fasica)<\/a><\/td>\n<\/tr>\n<tr>\n<td><\/td>\n<\/tr>\n<tr>\n<td><a href=\"https:\/\/aplicacions.gestioeducativa.gencat.cat\/pls\/soloas\/inscripcionsnp?codi=B001130557&amp;curs=2020-2021\" target=\"_blank\" rel=\"noopener noreferrer\" data-saferedirecturl=\"https:\/\/www.google.com\/url?q=https:\/\/aplicacions.gestioeducativa.gencat.cat\/pls\/soloas\/inscripcionsnp?codi%3DB001130557%26curs%3D2020-2021&amp;source=gmail&amp;ust=1608371991160000&amp;usg=AFQjCNG9NIWWC6vQspTiJkQETu-LwqJIsg\">B001130557 Curr\u00edculum i avaluaci\u00f3 competencial per \u00e0mbits (art\u00edstic, Visual i pl\u00e0stica)<\/a><\/td>\n<\/tr>\n<\/tbody>\n<\/table>\n<\/div>\n","protected":false},"excerpt":{"rendered":"<p>Aqu\u00ed us facilitem els enlla\u00e7os d&#8217;inscripci\u00f3 de les activitats de Curr\u00edculum i avaluaci\u00f3 competencial per \u00e0mbits en format virtual que s&#8217;iniciaran al febrer i tenen un per\u00edode d&#8217;inscripci\u00f3 del 08\/01\/2021 al 19\/01\/2021.<\/p>\n<p><a href=\"https:\/\/aplicacions.gestioeducativa.gencat.cat\/pls\/soloas\/inscripcionsnp?codi=2004130557&amp;curs=2020-2021\" target=\"_blank\" rel=\"noopener noreferrer\" data-saferedirecturl=\"https:\/\/www.google.com\/url?q=https:\/\/aplicacions.gestioeducativa.gencat.cat\/pls\/soloas\/inscripcionsnp?codi%3D2004130557%26curs%3D2020-2021&amp;source=gmail&amp;ust=1608371991160000&amp;usg=AFQjCNEMuWfXqJO7-6n65sY6Rh0mNe4a0w\">2004130557 Curr\u00edculum i avaluaci\u00f3 competencial per \u00e0mbits (Ci\u00e8ncies Socials)<\/a><\/p>\n<p><a&hellip;  <a href=\"https:\/\/serveiseducatius.xtec.cat\/altmaresme\/general\/us-voleu-formar-en-curriculum-i-avaluacio-competencial-per-ambits\/\" title=\"Read Us voleu formar en curr\u00edculum i avaluaci\u00f3 competencial per \u00e0mbits?\">Llegeix m\u00e9s\u00bb<\/a><\/p>\n","protected":false},"author":137,"featured_media":13383,"comment_status":"open","ping_status":"closed","sticky":false,"template":"","format":"standard","meta":{"_bbp_topic_count":0,"_bbp_reply_count":0,"_bbp_total_topic_count":0,"_bbp_total_reply_count":0,"_bbp_voice_count":0,"_bbp_anonymous_reply_count":0,"_bbp_topic_count_hidden":0,"_bbp_reply_count_hidden":0,"_bbp_forum_subforum_count":0,"footnotes":""},"categories":[1058,1,29,1045],"tags":[],"class_list":["post-13382","post","type-post","status-publish","format-standard","has-post-thumbnail","hentry","category-curriculum","category-general","category-portada","category-secundaria"],"post_mailing_queue_ids":[],"_links":{"self":[{"href":"https:\/\/serveiseducatius.xtec.cat\/altmaresme\/wp-json\/wp\/v2\/posts\/13382","targetHints":{"allow":["GET"]}}],"collection":[{"href":"https:\/\/serveiseducatius.xtec.cat\/altmaresme\/wp-json\/wp\/v2\/posts"}],"about":[{"href":"https:\/\/serveiseducatius.xtec.cat\/altmaresme\/wp-json\/wp\/v2\/types\/post"}],"author":[{"embeddable":true,"href":"https:\/\/serveiseducatius.xtec.cat\/altmaresme\/wp-json\/wp\/v2\/users\/137"}],"replies":[{"embeddable":true,"href":"https:\/\/serveiseducatius.xtec.cat\/altmaresme\/wp-json\/wp\/v2\/comments?post=13382"}],"version-history":[{"count":2,"href":"https:\/\/serveiseducatius.xtec.cat\/altmaresme\/wp-json\/wp\/v2\/posts\/13382\/revisions"}],"predecessor-version":[{"id":13385,"href":"https:\/\/serveiseducatius.xtec.cat\/altmaresme\/wp-json\/wp\/v2\/posts\/13382\/revisions\/13385"}],"wp:featuredmedia":[{"embeddable":true,"href":"https:\/\/serveiseducatius.xtec.cat\/altmaresme\/wp-json\/wp\/v2\/media\/13383"}],"wp:attachment":[{"href":"https:\/\/serveiseducatius.xtec.cat\/altmaresme\/wp-json\/wp\/v2\/media?parent=13382"}],"wp:term":[{"taxonomy":"category","embeddable":true,"href":"https:\/\/serveiseducatius.xtec.cat\/altmaresme\/wp-json\/wp\/v2\/categories?post=13382"},{"taxonomy":"post_tag","embeddable":true,"href":"https:\/\/serveiseducatius.xtec.cat\/altmaresme\/wp-json\/wp\/v2\/tags?post=13382"}],"curies":[{"name":"wp","href":"https:\/\/api.w.org\/{rel}","templated":true}]}}