{"id":13377,"date":"2020-12-21T10:33:32","date_gmt":"2020-12-21T09:33:32","guid":{"rendered":"http:\/\/serveiseducatius.xtec.cat\/altmaresme\/?p=13377"},"modified":"2020-12-18T11:52:35","modified_gmt":"2020-12-18T10:52:35","slug":"oferta-formacions-cesire-ambit-infantil-i-linguistic","status":"publish","type":"post","link":"https:\/\/serveiseducatius.xtec.cat\/altmaresme\/portada\/oferta-formacions-cesire-ambit-infantil-i-linguistic\/","title":{"rendered":"Oferta formacions CESIRE, \u00e0mbit infantil i ling\u00fc\u00edstic"},"content":{"rendered":"<p>Us informem de l&#8217;oferta de formacions\u00a0del CESIRE, de l&#8217;\u00e0mbit infantil i ling\u00fc\u00edstic, que comen\u00e7aran a partir del mes de gener.<\/p>\n<p>Aqu\u00ed trobareu tots els enlla\u00e7os amb la informaci\u00f3 necess\u00e0ria per poder-vos inscriure\u00a0a partir de l&#8217;1 de gener:<\/p>\n<div><\/div>\n<div>\n<table border=\"0\" width=\"575\" cellpadding=\"0\">\n<tbody>\n<tr>\n<td>\n<table border=\"0\" cellspacing=\"0\" cellpadding=\"0\">\n<tbody>\n<tr>\n<td valign=\"TOP\"><span style=\"font-family: arial, helvetica, geneva; font-size: small;\">9004550532\u00a0<\/span><\/td>\n<td><a href=\"https:\/\/aplicacions.gestioeducativa.gencat.cat\/pls\/soloas\/pk_for_mod_ins.p_for_detall_activitat?p_codi=9004550532&amp;p_curs=2020-2021&amp;p_es_inscr=S\" target=\"_blank\" rel=\"noopener noreferrer\" data-saferedirecturl=\"https:\/\/www.google.com\/url?q=https:\/\/aplicacions.gestioeducativa.gencat.cat\/pls\/soloas\/pk_for_mod_ins.p_for_detall_activitat?p_codi%3D9004550532%26p_curs%3D2020-2021%26p_es_inscr%3DS&amp;source=gmail&amp;ust=1608210636654000&amp;usg=AFQjCNERu80YyjQebSWBJTFEYFcnEnxqkg\">Dificultats en la relaci\u00f3 comunicaci\u00f3 i llenguatge<\/a><\/td>\n<\/tr>\n<tr>\n<td valign=\"TOP\"><span style=\"font-family: arial, helvetica, geneva; font-size: small;\">2020-2021<\/span><\/td>\n<td><span style=\"font-family: arial, helvetica, geneva; font-size: small;\">Curs. Educaci\u00f3 Infantil<\/span><\/td>\n<\/tr>\n<tr>\n<td><\/td>\n<td><span style=\"font-family: arial, helvetica, geneva; font-size: small;\">Del 14\/1\/2021 al 27\/5\/2021 (\u00a030 hores &#8211; 10 sessions\u00a0)\u00a0de 18:00h a 20:00h<\/span><\/td>\n<\/tr>\n<tr>\n<td><\/td>\n<td><span style=\"font-family: arial, helvetica, geneva; font-size: small;\">VT Curs a dist\u00e0ncia<\/span><\/td>\n<\/tr>\n<tr>\n<td><\/td>\n<td valign=\"BOTTOM\"><span style=\"font-family: arial, helvetica, geneva; font-size: small;\">Inscripci\u00f3: 01\/01\/2021 &#8211; 14\/01\/2021<\/span><\/td>\n<\/tr>\n<tr>\n<td><\/td>\n<td valign=\"BOTTOM\"><span style=\"font-family: arial, helvetica, geneva; font-size: small;\"><a href=\"https:\/\/aplicacions.gestioeducativa.gencat.cat\/pls\/soloas\/pk_for_mod_ins.p_for_exhaustiu_activitat?p_header=Detall%20d%27activitat^pk_for_mod_ins.p_for_detall_activitat?p_codi=9004550532%26p_curs=2020-2021%26p_es_inscr=S&amp;p_codi=9004550532&amp;p_curs=2020-2021&amp;p_es_inscr=S\">M\u00e9s informaci\u00f3<\/a><\/span><span style=\"font-family: arial, helvetica, geneva; font-size: x-large;\">\u00a0<\/span><\/td>\n<\/tr>\n<\/tbody>\n<\/table>\n<\/td>\n<\/tr>\n<\/tbody>\n<\/table>\n<\/div>\n<div><\/div>\n<div>\n<table style=\"height: 159px; width: 599px;\" border=\"0\" cellspacing=\"0\" cellpadding=\"0\">\n<tbody>\n<tr style=\"height: 35px;\">\n<td style=\"height: 35px; width: 96px;\" valign=\"TOP\"><span style=\"font-family: arial, helvetica, geneva; font-size: small;\">9000030532\u00a0<\/span><\/td>\n<td style=\"height: 35px; width: 500.8px;\"><a style=\"color: #1155cc;\" href=\"https:\/\/aplicacions.gestioeducativa.gencat.cat\/pls\/soloas\/pk_for_mod_ins.p_for_detall_activitat?p_codi=9000030532&amp;p_curs=2020-2021&amp;p_es_inscr=S\" target=\"_blank\" rel=\"noopener noreferrer\" data-saferedirecturl=\"https:\/\/www.google.com\/url?q=https:\/\/aplicacions.gestioeducativa.gencat.cat\/pls\/soloas\/pk_for_mod_ins.p_for_detall_activitat?p_codi%3D9000030532%26p_curs%3D2020-2021%26p_es_inscr%3DS&amp;source=gmail&amp;ust=1608210636654000&amp;usg=AFQjCNGF0Pa17hFi5tLNecFCLWrsCb8E-w\">L\u2019acompanyament en l\u2019adquisici\u00f3 de la llengua oral a trav\u00e9s de la literatura<\/a><\/td>\n<\/tr>\n<tr style=\"height: 31px;\">\n<td style=\"height: 31px; width: 96px;\" valign=\"TOP\"><span style=\"font-family: arial, helvetica, geneva; font-size: small;\">2020-2021<\/span><\/td>\n<td style=\"height: 31px; width: 500.8px;\"><span style=\"font-family: arial, helvetica, geneva; font-size: small;\">Curs. Educaci\u00f3 Infantil<\/span><\/td>\n<\/tr>\n<tr style=\"height: 31px;\">\n<td style=\"height: 31px; width: 96px;\"><\/td>\n<td style=\"height: 31px; width: 500.8px;\"><span style=\"font-family: arial, helvetica, geneva; font-size: small;\">Del 20\/1\/2021 al 10\/4\/2021 (\u00a020 hores &#8211; 6 sessions\u00a0)\u00a0de 17:45h a 19:45h<\/span><\/td>\n<\/tr>\n<tr style=\"height: 31px;\">\n<td style=\"height: 31px; width: 96px;\"><\/td>\n<td style=\"height: 31px; width: 500.8px;\"><span style=\"font-family: arial, helvetica, geneva; font-size: small;\">VT Curs a dist\u00e0ncia<\/span><\/td>\n<\/tr>\n<tr style=\"height: 31px;\">\n<td style=\"height: 31px; width: 96px;\"><\/td>\n<td style=\"height: 31px; width: 500.8px;\" valign=\"BOTTOM\"><span style=\"font-family: arial, helvetica, geneva; font-size: small;\">Inscripci\u00f3: 01\/01\/2021 &#8211; 20\/01\/2021<\/span><\/p>\n<p><span style=\"font-family: arial, helvetica, geneva; font-size: small;\"><a href=\"https:\/\/aplicacions.gestioeducativa.gencat.cat\/pls\/soloas\/pk_for_mod_ins.p_for_exhaustiu_activitat?p_header=Detall%20d%27activitat^pk_for_mod_ins.p_for_detall_activitat?p_codi=9000030532%26p_curs=2020-2021%26p_es_inscr=S&amp;p_codi=9000030532&amp;p_curs=2020-2021&amp;p_es_inscr=S\">M\u00e9s informaci\u00f3<\/a><\/span><span style=\"font-family: arial, helvetica, geneva; font-size: x-large;\">\u00a0<\/span><\/td>\n<\/tr>\n<\/tbody>\n<\/table>\n<\/div>\n<div>\n<table border=\"0\" width=\"575\" cellpadding=\"0\">\n<tbody>\n<tr>\n<td>\n<table border=\"0\" cellspacing=\"0\" cellpadding=\"0\">\n<tbody>\n<tr>\n<td valign=\"TOP\"><span style=\"font-family: arial, helvetica, geneva; font-size: small;\">9000040532\u00a0<\/span><\/td>\n<td><a style=\"color: #1155cc;\" href=\"https:\/\/aplicacions.gestioeducativa.gencat.cat\/pls\/soloas\/pk_for_mod_ins.p_for_detall_activitat?p_codi=9000040532&amp;p_curs=2020-2021&amp;p_es_inscr=S\" target=\"_blank\" rel=\"noopener noreferrer\" data-saferedirecturl=\"https:\/\/www.google.com\/url?q=https:\/\/aplicacions.gestioeducativa.gencat.cat\/pls\/soloas\/pk_for_mod_ins.p_for_detall_activitat?p_codi%3D9000040532%26p_curs%3D2020-2021%26p_es_inscr%3DS&amp;source=gmail&amp;ust=1608210636654000&amp;usg=AFQjCNGOYoNANK2Iqr5dLZ2QVWO2_uVHNA\">L&#8217;\u00e0lbum, la lectura en veu alta i la conversa liter\u00e0ria<\/a><\/td>\n<\/tr>\n<tr>\n<td valign=\"TOP\"><span style=\"font-family: arial, helvetica, geneva; font-size: small;\">2020-2021<\/span><\/td>\n<td><span style=\"font-family: arial, helvetica, geneva; font-size: small;\">Curs. Prim\u00e0ria-Secund\u00e0ria<\/span><\/td>\n<\/tr>\n<tr>\n<td><\/td>\n<td><span style=\"font-family: arial, helvetica, geneva; font-size: small;\">Del 19\/4\/2021 al 17\/5\/2021 (\u00a020 hores &#8211; 5 sessions\u00a0)\u00a0de 17:30h a 19:30h<\/span><\/td>\n<\/tr>\n<tr>\n<td><\/td>\n<td><span style=\"font-family: arial, helvetica, geneva; font-size: small;\">VT Curs a dist\u00e0ncia<\/span><\/td>\n<\/tr>\n<tr>\n<td><\/td>\n<td valign=\"BOTTOM\"><span style=\"font-family: arial, helvetica, geneva; font-size: small;\">Inscripci\u00f3: 01\/01\/2021 &#8211; 19\/04\/2021<\/span><\/td>\n<\/tr>\n<tr>\n<td><\/td>\n<td valign=\"BOTTOM\"><span style=\"font-family: arial, helvetica, geneva; font-size: small;\"><a href=\"https:\/\/aplicacions.gestioeducativa.gencat.cat\/pls\/soloas\/pk_for_mod_ins.p_for_exhaustiu_activitat?p_header=Detall%20d%27activitat^pk_for_mod_ins.p_for_detall_activitat?p_codi=9000040532%26p_curs=2020-2021%26p_es_inscr=S&amp;p_codi=9000040532&amp;p_curs=2020-2021&amp;p_es_inscr=S\">M\u00e9s informaci\u00f3<\/a><\/span><span style=\"font-family: arial, helvetica, geneva; font-size: x-large;\">\u00a0<\/span><\/td>\n<\/tr>\n<\/tbody>\n<\/table>\n<\/td>\n<\/tr>\n<\/tbody>\n<\/table>\n<\/div>\n<div>\n<table style=\"width: 570px; height: 225px;\" border=\"0\" width=\"575\" cellpadding=\"0\">\n<tbody>\n<tr style=\"height: 225px;\">\n<td style=\"width: 564.8px; height: 225px;\">\n<table border=\"0\" cellspacing=\"0\" cellpadding=\"0\">\n<tbody>\n<tr>\n<td valign=\"TOP\"><span style=\"font-family: arial, helvetica, geneva; font-size: small;\">9000050532\u00a0<\/span><\/td>\n<td><a href=\"https:\/\/aplicacions.gestioeducativa.gencat.cat\/pls\/soloas\/pk_for_mod_ins.p_for_detall_activitat?p_codi=9000050532&amp;p_curs=2020-2021&amp;p_es_inscr=S\" target=\"_blank\" rel=\"noopener noreferrer\" data-saferedirecturl=\"https:\/\/www.google.com\/url?q=https:\/\/aplicacions.gestioeducativa.gencat.cat\/pls\/soloas\/pk_for_mod_ins.p_for_detall_activitat?p_codi%3D9000050532%26p_curs%3D2020-2021%26p_es_inscr%3DS&amp;source=gmail&amp;ust=1608210636654000&amp;usg=AFQjCNHBuFq3LZjr-u6EfrzMv6vAg7PGqw\">Jugar la ficci\u00f3: el videojoc com a forma de cultura en l&#8217;educaci\u00f3 liter\u00e0ria de la inf\u00e0ncia i la joventut<\/a><\/td>\n<\/tr>\n<tr>\n<td valign=\"TOP\"><span style=\"font-family: arial, helvetica, geneva; font-size: small;\">2020-2021<\/span><\/td>\n<td><span style=\"font-family: arial, helvetica, geneva; font-size: small;\">Curs. Internivells: Educaci\u00f3 Infantil-Prim\u00e0ria-Secund\u00e0ria<\/span><\/td>\n<\/tr>\n<tr>\n<td><\/td>\n<td><span style=\"font-family: arial, helvetica, geneva; font-size: small;\">Del 29\/4\/2021 al 27\/5\/2021 (\u00a030 hores &#8211; 5 sessions\u00a0)\u00a0de 18:00h a 20:00h<\/span><\/td>\n<\/tr>\n<tr>\n<td><\/td>\n<td><span style=\"font-family: arial, helvetica, geneva; font-size: small;\">VT Curs a dist\u00e0ncia<\/span><\/td>\n<\/tr>\n<tr>\n<td><\/td>\n<td valign=\"BOTTOM\"><span style=\"font-family: arial, helvetica, geneva; font-size: small;\">Inscripci\u00f3: 01\/01\/2021 &#8211; 29\/04\/2021<\/span><\/td>\n<\/tr>\n<tr>\n<td><\/td>\n<td valign=\"BOTTOM\"><span style=\"font-family: arial, helvetica, geneva; font-size: small;\"><a href=\"https:\/\/aplicacions.gestioeducativa.gencat.cat\/pls\/soloas\/pk_for_mod_ins.p_for_exhaustiu_activitat?p_header=Detall%20d%27activitat^pk_for_mod_ins.p_for_detall_activitat?p_codi=9000050532%26p_curs=2020-2021%26p_es_inscr=S&amp;p_codi=9000050532&amp;p_curs=2020-2021&amp;p_es_inscr=S\">M\u00e9s informaci\u00f3<\/a><\/span><span style=\"font-family: arial, helvetica, geneva; font-size: x-large;\">\u00a0<\/span><\/td>\n<\/tr>\n<\/tbody>\n<\/table>\n<\/td>\n<\/tr>\n<\/tbody>\n<\/table>\n<\/div>\n","protected":false},"excerpt":{"rendered":"<p>Us informem de l&#8217;oferta de formacions\u00a0del CESIRE, de l&#8217;\u00e0mbit infantil i ling\u00fc\u00edstic, que comen\u00e7aran a partir del mes de gener.<br \/>\nAqu\u00ed trobareu tots els enlla\u00e7os amb la informaci\u00f3 necess\u00e0ria per poder-vos inscriure\u00a0a partir de l&#8217;1 de gener:<\/p>\n<p>9004550532\u00a0<br \/>\n<a href=\"https:\/\/aplicacions.gestioeducativa.gencat.cat\/pls\/soloas\/pk_for_mod_ins.p_for_detall_activitat?p_codi=9004550532&amp;p_curs=2020-2021&amp;p_es_inscr=S\" target=\"_blank\" rel=\"noopener noreferrer\" data-saferedirecturl=\"https:\/\/www.google.com\/url?q=https:\/\/aplicacions.gestioeducativa.gencat.cat\/pls\/soloas\/pk_for_mod_ins.p_for_detall_activitat?p_codi%3D9004550532%26p_curs%3D2020-2021%26p_es_inscr%3DS&amp;source=gmail&amp;ust=1608210636654000&amp;usg=AFQjCNERu80YyjQebSWBJTFEYFcnEnxqkg\">Dificultats en la relaci\u00f3 comunicaci\u00f3&hellip;  <a href=\"https:\/\/serveiseducatius.xtec.cat\/altmaresme\/portada\/oferta-formacions-cesire-ambit-infantil-i-linguistic\/\" title=\"Read Oferta formacions CESIRE, \u00e0mbit infantil i ling\u00fc\u00edstic\">Llegeix m\u00e9s\u00bb<\/a><\/p>\n","protected":false},"author":137,"featured_media":13380,"comment_status":"open","ping_status":"closed","sticky":false,"template":"","format":"standard","meta":{"_bbp_topic_count":0,"_bbp_reply_count":0,"_bbp_total_topic_count":0,"_bbp_total_reply_count":0,"_bbp_voice_count":0,"_bbp_anonymous_reply_count":0,"_bbp_topic_count_hidden":0,"_bbp_reply_count_hidden":0,"_bbp_forum_subforum_count":0,"footnotes":""},"categories":[29,1046,1045],"tags":[],"class_list":["post-13377","post","type-post","status-publish","format-standard","has-post-thumbnail","hentry","category-portada","category-primaria","category-secundaria"],"post_mailing_queue_ids":[],"_links":{"self":[{"href":"https:\/\/serveiseducatius.xtec.cat\/altmaresme\/wp-json\/wp\/v2\/posts\/13377","targetHints":{"allow":["GET"]}}],"collection":[{"href":"https:\/\/serveiseducatius.xtec.cat\/altmaresme\/wp-json\/wp\/v2\/posts"}],"about":[{"href":"https:\/\/serveiseducatius.xtec.cat\/altmaresme\/wp-json\/wp\/v2\/types\/post"}],"author":[{"embeddable":true,"href":"https:\/\/serveiseducatius.xtec.cat\/altmaresme\/wp-json\/wp\/v2\/users\/137"}],"replies":[{"embeddable":true,"href":"https:\/\/serveiseducatius.xtec.cat\/altmaresme\/wp-json\/wp\/v2\/comments?post=13377"}],"version-history":[{"count":3,"href":"https:\/\/serveiseducatius.xtec.cat\/altmaresme\/wp-json\/wp\/v2\/posts\/13377\/revisions"}],"predecessor-version":[{"id":13381,"href":"https:\/\/serveiseducatius.xtec.cat\/altmaresme\/wp-json\/wp\/v2\/posts\/13377\/revisions\/13381"}],"wp:featuredmedia":[{"embeddable":true,"href":"https:\/\/serveiseducatius.xtec.cat\/altmaresme\/wp-json\/wp\/v2\/media\/13380"}],"wp:attachment":[{"href":"https:\/\/serveiseducatius.xtec.cat\/altmaresme\/wp-json\/wp\/v2\/media?parent=13377"}],"wp:term":[{"taxonomy":"category","embeddable":true,"href":"https:\/\/serveiseducatius.xtec.cat\/altmaresme\/wp-json\/wp\/v2\/categories?post=13377"},{"taxonomy":"post_tag","embeddable":true,"href":"https:\/\/serveiseducatius.xtec.cat\/altmaresme\/wp-json\/wp\/v2\/tags?post=13377"}],"curies":[{"name":"wp","href":"https:\/\/api.w.org\/{rel}","templated":true}]}}