{"id":13362,"date":"2020-12-11T13:50:48","date_gmt":"2020-12-11T12:50:48","guid":{"rendered":"http:\/\/serveiseducatius.xtec.cat\/altmaresme\/?p=13362"},"modified":"2020-12-11T13:54:59","modified_gmt":"2020-12-11T12:54:59","slug":"propostes-per-laula-el-menjar-no-es-llenca","status":"publish","type":"post","link":"https:\/\/serveiseducatius.xtec.cat\/altmaresme\/portada\/propostes-per-laula-el-menjar-no-es-llenca\/","title":{"rendered":"Propostes per a l&#8217;aula #el menjar no es llen\u00e7a"},"content":{"rendered":"<pre>Us proposem treballar el tema del malbaratament alimentari amb diferents recursos:\r\n\r\n\r\n- visualitzeu el <a href=\"https:\/\/www.youtube.com\/watch?v=XUMz5wCf8XU\">VIDEOCLIP<\/a> d'AMBAUKA - El menjar no es llen\u00e7a i reflexioneu sobre el tema. \r\n\r\n- consulteu i traieu profit de les explicacions de <a href=\"https:\/\/elmenjarnoesllenca.cat\/malbaratament\/\">text i visuals<\/a> sobre el malbaratament i les p\u00e8rdues aliment\u00e0ries, les seves causes i conseq\u00fc\u00e8ncies, el dret a una alimentaci\u00f3 digna, la pobresa i les desigualtats socials.\r\n\r\n- descarregueu el <a href=\"https:\/\/elmenjarnoesllenca.cat\/wp-content\/uploads\/Recursos-did%C3%A0ctics-per-a-la-web-CAT_v3.pdf\">material did\u00e0ctic<\/a>.\r\n\r\n- quantifiqueu el malbaratament dom\u00e8stic. <a class=\"et_pb_button et_pb_button_3 et_pb_bg_layout_dark\" href=\"https:\/\/elmenjarnoesllenca.cat\/wp-content\/uploads\/Calculadora-malbaratament_impactes-ambientals.xlsx.zip\" target=\"_blank\" rel=\"noopener noreferrer\">Descarregueu la taula i comenceu a investigar!<\/a><\/pre>\n<pre>- <a href=\"https:\/\/www.educaplay.com\/game\/7632182-quiz_el_menjar_no_es_llenca.html?idColeccion=2780752&amp;environment=collection&amp;state=2780752\">Quiz<\/a> - El menjar no es llen\u00e7a. Demostreu amb aquesta enquesta online que sou qui en sabeu m\u00e9s sobre aprofitar i no llen\u00e7ar el menjar.<\/pre>\n<div><\/div>\n<div>Ja no arribem a participar en el challenge 2020 per\u00f2 podem treure-li profit a l&#8217;aula &#8230;no us sembla un bon moment per reflexionar-hi i treballar-ho?<\/div>\n<div><\/div>\n<div>Tot s\u00f3n propostes i iniciatives de la <a href=\"https:\/\/elmenjarnoesllenca.cat\/\">Fundaci\u00f3 Espigoladors<\/a> que treballa per reduir les p\u00e8rdues i el malbaratament alimentari i fer arribar el missatge que #elmenjarnoesllen\u00e7a arreu.<\/div>\n<div><\/div>\n<div><\/div>\n","protected":false},"excerpt":{"rendered":"<p>Us proposem treballar el tema del malbaratament alimentari amb diferents recursos:<\/p>\n<p>&#8211; visualitzeu el <a href=\"https:\/\/www.youtube.com\/watch?v=XUMz5wCf8XU\">VIDEOCLIP<\/a> d&#8217;AMBAUKA &#8211; El menjar no es llen\u00e7a i reflexioneu sobre el tema. <\/p>\n<p>&#8211; consulteu i traieu profit de les explicacions de <a href=\"https:\/\/elmenjarnoesllenca.cat\/malbaratament\/\">text i visuals<\/a> sobre el malbaratament i les&hellip;  <a href=\"https:\/\/serveiseducatius.xtec.cat\/altmaresme\/portada\/propostes-per-laula-el-menjar-no-es-llenca\/\" title=\"Read Propostes per a l&#8217;aula #el menjar no es llen\u00e7a\">Llegeix m\u00e9s\u00bb<\/a><\/p>\n","protected":false},"author":137,"featured_media":13363,"comment_status":"open","ping_status":"closed","sticky":false,"template":"","format":"standard","meta":{"_bbp_topic_count":0,"_bbp_reply_count":0,"_bbp_total_topic_count":0,"_bbp_total_reply_count":0,"_bbp_voice_count":0,"_bbp_anonymous_reply_count":0,"_bbp_topic_count_hidden":0,"_bbp_reply_count_hidden":0,"_bbp_forum_subforum_count":0,"footnotes":""},"categories":[29,1046,1045],"tags":[],"class_list":["post-13362","post","type-post","status-publish","format-standard","has-post-thumbnail","hentry","category-portada","category-primaria","category-secundaria"],"post_mailing_queue_ids":[],"_links":{"self":[{"href":"https:\/\/serveiseducatius.xtec.cat\/altmaresme\/wp-json\/wp\/v2\/posts\/13362","targetHints":{"allow":["GET"]}}],"collection":[{"href":"https:\/\/serveiseducatius.xtec.cat\/altmaresme\/wp-json\/wp\/v2\/posts"}],"about":[{"href":"https:\/\/serveiseducatius.xtec.cat\/altmaresme\/wp-json\/wp\/v2\/types\/post"}],"author":[{"embeddable":true,"href":"https:\/\/serveiseducatius.xtec.cat\/altmaresme\/wp-json\/wp\/v2\/users\/137"}],"replies":[{"embeddable":true,"href":"https:\/\/serveiseducatius.xtec.cat\/altmaresme\/wp-json\/wp\/v2\/comments?post=13362"}],"version-history":[{"count":3,"href":"https:\/\/serveiseducatius.xtec.cat\/altmaresme\/wp-json\/wp\/v2\/posts\/13362\/revisions"}],"predecessor-version":[{"id":13366,"href":"https:\/\/serveiseducatius.xtec.cat\/altmaresme\/wp-json\/wp\/v2\/posts\/13362\/revisions\/13366"}],"wp:featuredmedia":[{"embeddable":true,"href":"https:\/\/serveiseducatius.xtec.cat\/altmaresme\/wp-json\/wp\/v2\/media\/13363"}],"wp:attachment":[{"href":"https:\/\/serveiseducatius.xtec.cat\/altmaresme\/wp-json\/wp\/v2\/media?parent=13362"}],"wp:term":[{"taxonomy":"category","embeddable":true,"href":"https:\/\/serveiseducatius.xtec.cat\/altmaresme\/wp-json\/wp\/v2\/categories?post=13362"},{"taxonomy":"post_tag","embeddable":true,"href":"https:\/\/serveiseducatius.xtec.cat\/altmaresme\/wp-json\/wp\/v2\/tags?post=13362"}],"curies":[{"name":"wp","href":"https:\/\/api.w.org\/{rel}","templated":true}]}}