{"id":13355,"date":"2020-12-11T09:04:59","date_gmt":"2020-12-11T08:04:59","guid":{"rendered":"http:\/\/serveiseducatius.xtec.cat\/altmaresme\/?p=13355"},"modified":"2020-12-11T09:04:59","modified_gmt":"2020-12-11T08:04:59","slug":"targetes-de-nadal-plastica-o-matematiques","status":"publish","type":"post","link":"https:\/\/serveiseducatius.xtec.cat\/altmaresme\/portada\/targetes-de-nadal-plastica-o-matematiques\/","title":{"rendered":"Targetes de Nadal: pl\u00e0stica o matem\u00e0tiques?"},"content":{"rendered":"<h6>El Museu de Matem\u00e0tiques de Catalunya proposa una activitat familiar en l\u00ednia de creaci\u00f3 d&#8217;<strong>ornaments nadalencs amb contingut matem\u00e0tic.<\/strong><\/h6>\n<h6>Dimecres 16\u00a0de desembre a les 18h.<\/h6>\n<h6>Si us sembla interessant aquest enfoc ho podeu <a href=\"https:\/\/mailchi.mp\/f8db33d4479e\/cicle-de-conferncies-internacionals-online-2101082?e=90aa4855a8\">compartir<\/a> amb les fam\u00edlies del vostre centre.<\/h6>\n","protected":false},"excerpt":{"rendered":"<p>El Museu de Matem\u00e0tiques de Catalunya proposa una activitat familiar en l\u00ednia de creaci\u00f3 d&#8217;ornaments nadalencs amb contingut matem\u00e0tic.<br \/>\nDimecres 16\u00a0de desembre a les 18h.<br \/>\nSi us sembla interessant aquest enfoc ho podeu <a href=\"https:\/\/mailchi.mp\/f8db33d4479e\/cicle-de-conferncies-internacionals-online-2101082?e=90aa4855a8\">compartir<\/a> amb les fam\u00edlies del vostre centre.<\/p>\n","protected":false},"author":137,"featured_media":13356,"comment_status":"open","ping_status":"closed","sticky":false,"template":"","format":"standard","meta":{"_bbp_topic_count":0,"_bbp_reply_count":0,"_bbp_total_topic_count":0,"_bbp_total_reply_count":0,"_bbp_voice_count":0,"_bbp_anonymous_reply_count":0,"_bbp_topic_count_hidden":0,"_bbp_reply_count_hidden":0,"_bbp_forum_subforum_count":0,"footnotes":""},"categories":[283,29,1046],"tags":[],"class_list":["post-13355","post","type-post","status-publish","format-standard","has-post-thumbnail","hentry","category-matematiques","category-portada","category-primaria"],"post_mailing_queue_ids":[],"_links":{"self":[{"href":"https:\/\/serveiseducatius.xtec.cat\/altmaresme\/wp-json\/wp\/v2\/posts\/13355","targetHints":{"allow":["GET"]}}],"collection":[{"href":"https:\/\/serveiseducatius.xtec.cat\/altmaresme\/wp-json\/wp\/v2\/posts"}],"about":[{"href":"https:\/\/serveiseducatius.xtec.cat\/altmaresme\/wp-json\/wp\/v2\/types\/post"}],"author":[{"embeddable":true,"href":"https:\/\/serveiseducatius.xtec.cat\/altmaresme\/wp-json\/wp\/v2\/users\/137"}],"replies":[{"embeddable":true,"href":"https:\/\/serveiseducatius.xtec.cat\/altmaresme\/wp-json\/wp\/v2\/comments?post=13355"}],"version-history":[{"count":1,"href":"https:\/\/serveiseducatius.xtec.cat\/altmaresme\/wp-json\/wp\/v2\/posts\/13355\/revisions"}],"predecessor-version":[{"id":13357,"href":"https:\/\/serveiseducatius.xtec.cat\/altmaresme\/wp-json\/wp\/v2\/posts\/13355\/revisions\/13357"}],"wp:featuredmedia":[{"embeddable":true,"href":"https:\/\/serveiseducatius.xtec.cat\/altmaresme\/wp-json\/wp\/v2\/media\/13356"}],"wp:attachment":[{"href":"https:\/\/serveiseducatius.xtec.cat\/altmaresme\/wp-json\/wp\/v2\/media?parent=13355"}],"wp:term":[{"taxonomy":"category","embeddable":true,"href":"https:\/\/serveiseducatius.xtec.cat\/altmaresme\/wp-json\/wp\/v2\/categories?post=13355"},{"taxonomy":"post_tag","embeddable":true,"href":"https:\/\/serveiseducatius.xtec.cat\/altmaresme\/wp-json\/wp\/v2\/tags?post=13355"}],"curies":[{"name":"wp","href":"https:\/\/api.w.org\/{rel}","templated":true}]}}