{"id":13285,"date":"2021-10-15T10:00:10","date_gmt":"2021-10-15T08:00:10","guid":{"rendered":"http:\/\/serveiseducatius.xtec.cat\/altmaresme\/?p=13285"},"modified":"2021-10-08T08:50:18","modified_gmt":"2021-10-08T06:50:18","slug":"maleta-de-contes-i-histories-darreu","status":"publish","type":"post","link":"https:\/\/serveiseducatius.xtec.cat\/altmaresme\/portada\/maleta-de-contes-i-histories-darreu\/","title":{"rendered":"Maleta de Contes i Hist\u00f2ries d&#8217;Arreu"},"content":{"rendered":"<p>El CRP de l&#8217;Alt Maresme us ofereix en pr\u00e9stec aquesta maleta plena de Contes i Hist\u00f2ries d&#8217;Arreu del M\u00f3n que vol crear ponts de curiositat i d&#8217;inter\u00e8s mutu.<\/p>\n<p>A trav\u00e9s de pinzellades de realitats vol provocar la reflexi\u00f3 sobre la conviv\u00e8ncia i el mestissatge cultural per arribar a un di\u00e0leg en peu d&#8217;igualtat, perqu\u00e8 tots som fills del mestissatge, tots som fills dels moviments humans, tots som fills de l&#8217;emigraci\u00f3.<\/p>\n<ul>\n<li><a href=\"https:\/\/drive.google.com\/file\/d\/1-j23T8lhTBbukVjwtl3pkY8R6ssilYyy\/view?usp=sharing\">Contingut de la maleta de contes i hist\u00f2ries d&#8217;arreu<\/a><\/li>\n<\/ul>\n<p>Trobareu informaci\u00f3 d&#8217;aquesta i altres maletes pedag\u00f2giques a l&#8217;apartat de recursos d&#8217;aquest mateix Nodes.<\/p>\n<p>Per poder gaudir del material contacteu amb nosaltres a trav\u00e9s del crp-pineda@xtec.cat\u00a0 o <img loading=\"lazy\" decoding=\"async\" class=\"CToWUd\" src=\"https:\/\/ci3.googleusercontent.com\/proxy\/mKcEMVlZjaIVb_I4b5hxJxtxURJKD-h-Y0rKzv-lZxpBYhp0fiTkUfAMaNHxNTRredl8xTKQSrgfBniwWGz3Rkz6I7MMpg=s0-d-e1-ft#http:\/\/www.finesurgical.com\/images\/phone_ico.png\" width=\"25\" height=\"30\" \/> 937625004.<\/p>\n","protected":false},"excerpt":{"rendered":"<p>El CRP de l&#8217;Alt Maresme us ofereix en pr\u00e9stec aquesta maleta plena de Contes i Hist\u00f2ries d&#8217;Arreu del M\u00f3n que vol crear ponts de curiositat i d&#8217;inter\u00e8s mutu.<br \/>\nA trav\u00e9s de pinzellades de realitats vol provocar la reflexi\u00f3 sobre la conviv\u00e8ncia i el mestissatge cultural per&hellip;  <a href=\"https:\/\/serveiseducatius.xtec.cat\/altmaresme\/portada\/maleta-de-contes-i-histories-darreu\/\" title=\"Read Maleta de Contes i Hist\u00f2ries d&#8217;Arreu\">Llegeix m\u00e9s\u00bb<\/a><\/p>\n","protected":false},"author":137,"featured_media":13287,"comment_status":"open","ping_status":"closed","sticky":false,"template":"","format":"standard","meta":{"_bbp_topic_count":0,"_bbp_reply_count":0,"_bbp_total_topic_count":0,"_bbp_total_reply_count":0,"_bbp_voice_count":0,"_bbp_anonymous_reply_count":0,"_bbp_topic_count_hidden":0,"_bbp_reply_count_hidden":0,"_bbp_forum_subforum_count":0,"footnotes":""},"categories":[1056,81,82,29,1046,1045],"tags":[],"class_list":["post-13285","post","type-post","status-publish","format-standard","has-post-thumbnail","hentry","category-ambit-linguistic","category-biblioteca-escolar","category-maletes-pedagogiques","category-portada","category-primaria","category-secundaria"],"post_mailing_queue_ids":[],"_links":{"self":[{"href":"https:\/\/serveiseducatius.xtec.cat\/altmaresme\/wp-json\/wp\/v2\/posts\/13285","targetHints":{"allow":["GET"]}}],"collection":[{"href":"https:\/\/serveiseducatius.xtec.cat\/altmaresme\/wp-json\/wp\/v2\/posts"}],"about":[{"href":"https:\/\/serveiseducatius.xtec.cat\/altmaresme\/wp-json\/wp\/v2\/types\/post"}],"author":[{"embeddable":true,"href":"https:\/\/serveiseducatius.xtec.cat\/altmaresme\/wp-json\/wp\/v2\/users\/137"}],"replies":[{"embeddable":true,"href":"https:\/\/serveiseducatius.xtec.cat\/altmaresme\/wp-json\/wp\/v2\/comments?post=13285"}],"version-history":[{"count":2,"href":"https:\/\/serveiseducatius.xtec.cat\/altmaresme\/wp-json\/wp\/v2\/posts\/13285\/revisions"}],"predecessor-version":[{"id":14189,"href":"https:\/\/serveiseducatius.xtec.cat\/altmaresme\/wp-json\/wp\/v2\/posts\/13285\/revisions\/14189"}],"wp:featuredmedia":[{"embeddable":true,"href":"https:\/\/serveiseducatius.xtec.cat\/altmaresme\/wp-json\/wp\/v2\/media\/13287"}],"wp:attachment":[{"href":"https:\/\/serveiseducatius.xtec.cat\/altmaresme\/wp-json\/wp\/v2\/media?parent=13285"}],"wp:term":[{"taxonomy":"category","embeddable":true,"href":"https:\/\/serveiseducatius.xtec.cat\/altmaresme\/wp-json\/wp\/v2\/categories?post=13285"},{"taxonomy":"post_tag","embeddable":true,"href":"https:\/\/serveiseducatius.xtec.cat\/altmaresme\/wp-json\/wp\/v2\/tags?post=13285"}],"curies":[{"name":"wp","href":"https:\/\/api.w.org\/{rel}","templated":true}]}}