{"id":13281,"date":"2020-11-17T12:40:54","date_gmt":"2020-11-17T11:40:54","guid":{"rendered":"http:\/\/serveiseducatius.xtec.cat\/altmaresme\/?p=13281"},"modified":"2020-11-17T08:31:30","modified_gmt":"2020-11-17T07:31:30","slug":"esteu-motivats-en-educar-en-natura-i-salut-fora-de-laula-aquesta-jornada-es-per-a-vosaltres","status":"publish","type":"post","link":"https:\/\/serveiseducatius.xtec.cat\/altmaresme\/portada\/esteu-motivats-en-educar-en-natura-i-salut-fora-de-laula-aquesta-jornada-es-per-a-vosaltres\/","title":{"rendered":"Esteu motivats en educar en natura i salut fora de l&#8217;aula? Aquesta jornada \u00e9s per a vosaltres!!"},"content":{"rendered":"<div class=\"gmail_default\">\n<p><span style=\"font-family: verdana, sans-serif;\"><b><i>&#8220;Algunes claus per a l&#8217;educaci\u00f3\u00a0a l&#8217;aire lliure&#8221;<\/i><\/b>\u00a0\u00e9s una jornada\u00a0<u>gratu\u00efta<\/u>\u00a0i nom\u00e9s cal escollir el dia i hora\u00a0que us vagi b\u00e9 i fer la inscripci\u00f3 als seg\u00fcents enlla\u00e7os:<\/span><\/p>\n<p>&nbsp;<\/p>\n<\/div>\n<blockquote>\n<div class=\"gmail_default\"><span style=\"font-family: verdana, sans-serif;\">Jornada dirigida a\u00a0<b>docents de prim\u00e0ria i secund\u00e0ria<\/b>. Inscripci\u00f3:\u00a0<a href=\"https:\/\/forms.gle\/jRcqo21NhkwJ1RTX8\" target=\"_blank\" rel=\"noopener noreferrer\" data-saferedirecturl=\"https:\/\/www.google.com\/url?q=https:\/\/forms.gle\/jRcqo21NhkwJ1RTX8&amp;source=gmail&amp;ust=1605617898918000&amp;usg=AFQjCNGUbDFjPedkgqRzIjVU3zguRreV-w\">https:\/\/forms.gle\/<wbr \/>jRcqo21NhkwJ1RTX8<\/a><\/span><\/div>\n<div class=\"gmail_default\"><span style=\"font-family: verdana, sans-serif;\">\u00a0<\/span><\/div>\n<div class=\"gmail_default\"><span style=\"font-family: verdana, sans-serif;\">Jornada dirigida a tot el\u00a0<b>personal de les empreses del temps de migdia<\/b>.\u00a0Inscripci\u00f3:\u00a0<a href=\"https:\/\/forms.gle\/GBhbinyZEXVJTTXz9\" target=\"_blank\" rel=\"noopener noreferrer\" data-saferedirecturl=\"https:\/\/www.google.com\/url?q=https:\/\/forms.gle\/GBhbinyZEXVJTTXz9&amp;source=gmail&amp;ust=1605617898918000&amp;usg=AFQjCNFTA1_ty-RT_4EhYkX_GABdzlwvJA\">https:\/\/<wbr \/>forms.gle\/GBhbinyZEXVJTTXz9<\/a><\/span><\/div>\n<\/blockquote>\n","protected":false},"excerpt":{"rendered":"<p>&#8220;Algunes claus per a l&#8217;educaci\u00f3\u00a0a l&#8217;aire lliure&#8221;\u00a0\u00e9s una jornada\u00a0gratu\u00efta\u00a0i nom\u00e9s cal escollir el dia i hora\u00a0que us vagi b\u00e9 i fer la inscripci\u00f3 als seg\u00fcents enlla\u00e7os:<br \/>\n&nbsp;<\/p>\n<p>Jornada dirigida a\u00a0docents de prim\u00e0ria i secund\u00e0ria. Inscripci\u00f3:\u00a0<a href=\"https:\/\/forms.gle\/jRcqo21NhkwJ1RTX8\" target=\"_blank\" rel=\"noopener noreferrer\" data-saferedirecturl=\"https:\/\/www.google.com\/url?q=https:\/\/forms.gle\/jRcqo21NhkwJ1RTX8&amp;source=gmail&amp;ust=1605617898918000&amp;usg=AFQjCNGUbDFjPedkgqRzIjVU3zguRreV-w\">https:\/\/forms.gle\/jRcqo21NhkwJ1RTX8<\/a><br \/>\n\u00a0<br \/>\nJornada dirigida a tot el\u00a0personal de les empreses&hellip;  <a href=\"https:\/\/serveiseducatius.xtec.cat\/altmaresme\/portada\/esteu-motivats-en-educar-en-natura-i-salut-fora-de-laula-aquesta-jornada-es-per-a-vosaltres\/\" title=\"Read Esteu motivats en educar en natura i salut fora de l&#8217;aula? Aquesta jornada \u00e9s per a vosaltres!!\">Llegeix m\u00e9s\u00bb<\/a><\/p>\n","protected":false},"author":137,"featured_media":13282,"comment_status":"open","ping_status":"closed","sticky":false,"template":"","format":"standard","meta":{"_bbp_topic_count":0,"_bbp_reply_count":0,"_bbp_total_topic_count":0,"_bbp_total_reply_count":0,"_bbp_voice_count":0,"_bbp_anonymous_reply_count":0,"_bbp_topic_count_hidden":0,"_bbp_reply_count_hidden":0,"_bbp_forum_subforum_count":0,"footnotes":""},"categories":[29,1046,1045],"tags":[],"class_list":["post-13281","post","type-post","status-publish","format-standard","has-post-thumbnail","hentry","category-portada","category-primaria","category-secundaria"],"post_mailing_queue_ids":[],"_links":{"self":[{"href":"https:\/\/serveiseducatius.xtec.cat\/altmaresme\/wp-json\/wp\/v2\/posts\/13281","targetHints":{"allow":["GET"]}}],"collection":[{"href":"https:\/\/serveiseducatius.xtec.cat\/altmaresme\/wp-json\/wp\/v2\/posts"}],"about":[{"href":"https:\/\/serveiseducatius.xtec.cat\/altmaresme\/wp-json\/wp\/v2\/types\/post"}],"author":[{"embeddable":true,"href":"https:\/\/serveiseducatius.xtec.cat\/altmaresme\/wp-json\/wp\/v2\/users\/137"}],"replies":[{"embeddable":true,"href":"https:\/\/serveiseducatius.xtec.cat\/altmaresme\/wp-json\/wp\/v2\/comments?post=13281"}],"version-history":[{"count":2,"href":"https:\/\/serveiseducatius.xtec.cat\/altmaresme\/wp-json\/wp\/v2\/posts\/13281\/revisions"}],"predecessor-version":[{"id":13284,"href":"https:\/\/serveiseducatius.xtec.cat\/altmaresme\/wp-json\/wp\/v2\/posts\/13281\/revisions\/13284"}],"wp:featuredmedia":[{"embeddable":true,"href":"https:\/\/serveiseducatius.xtec.cat\/altmaresme\/wp-json\/wp\/v2\/media\/13282"}],"wp:attachment":[{"href":"https:\/\/serveiseducatius.xtec.cat\/altmaresme\/wp-json\/wp\/v2\/media?parent=13281"}],"wp:term":[{"taxonomy":"category","embeddable":true,"href":"https:\/\/serveiseducatius.xtec.cat\/altmaresme\/wp-json\/wp\/v2\/categories?post=13281"},{"taxonomy":"post_tag","embeddable":true,"href":"https:\/\/serveiseducatius.xtec.cat\/altmaresme\/wp-json\/wp\/v2\/tags?post=13281"}],"curies":[{"name":"wp","href":"https:\/\/api.w.org\/{rel}","templated":true}]}}