{"id":13256,"date":"2020-11-05T13:54:11","date_gmt":"2020-11-05T12:54:11","guid":{"rendered":"http:\/\/serveiseducatius.xtec.cat\/altmaresme\/?p=13256"},"modified":"2020-11-05T13:54:11","modified_gmt":"2020-11-05T12:54:11","slug":"teixint-fils-democions-guardonat-amb-el-premi-joan-gomis-2020-de-periodisme-social","status":"publish","type":"post","link":"https:\/\/serveiseducatius.xtec.cat\/altmaresme\/portada\/teixint-fils-democions-guardonat-amb-el-premi-joan-gomis-2020-de-periodisme-social\/","title":{"rendered":"&#8220;Teixint Fils d&#8217;Emocions&#8221; guardonat amb el premi Joan Gomis 2020 de periodisme social."},"content":{"rendered":"<div>La Neus Bartrol\u00ed i Pascual de l&#8217;INS Euclides comparteix amb nosaltres aquesta experi\u00e8ncia de Pau al voltant de l&#8217;educaci\u00f3 emocional.<\/div>\n<div><\/div>\n<div>Aquest documental,<b>\u00a0guardonat amb el premi Joan Gomis 2020<\/b> de periodisme social, explica el projecte Teixint Fils d&#8217;Emocions, realitzat a l&#8217;escola Ciutat Comtal del barri de Vallbona (Barcelona), de la ma de l&#8217;Escola de Cultura de Pau. L&#8217;acte de presentaci\u00f3 del premi ser\u00e0 el proper 17 de novembre a les 18:30 al Col\u00b7legi de Periodistes.<\/div>\n<div><\/div>\n<div><a href=\"https:\/\/youtu.be\/qttl7LoStZI\">Enlla\u00e7 al documental projecte Teixint Fils d&#8217;Emocions<\/a><\/div>\n<div><\/div>\n<div>\n<div>A partir de gener s&#8217;<b>impulsa de nou aquest projecte<\/b>\u00a0amb un grup de 20 mestres i professionals d&#8217;atenci\u00f3 a la comunitat de Barcelona conjuntament amb 20 professionals hondurenyes, amplificant l&#8217;impacte d&#8217;aquest projecte des de l&#8217;intercanvi transcultural.<\/div>\n<\/div>\n<div><\/div>\n<div><a href=\"http:\/\/donespauseguretat.cat\/arpilleresescolapau\/?page_id=241\">FORMACI\u00d3 <\/a><a href=\"http:\/\/donespauseguretat.cat\/arpilleresescolapau\/\" rel=\"home\">Teixint fils d\u2019emocions i cohesi\u00f3 social: Arpilleres<\/a><\/div>\n","protected":false},"excerpt":{"rendered":"<p>La Neus Bartrol\u00ed i Pascual de l&#8217;INS Euclides comparteix amb nosaltres aquesta experi\u00e8ncia de Pau al voltant de l&#8217;educaci\u00f3 emocional.<\/p>\n<p>Aquest documental,\u00a0guardonat amb el premi Joan Gomis 2020 de periodisme social, explica el projecte Teixint Fils d&#8217;Emocions, realitzat a l&#8217;escola Ciutat Comtal del barri de Vallbona&hellip;  <a href=\"https:\/\/serveiseducatius.xtec.cat\/altmaresme\/portada\/teixint-fils-democions-guardonat-amb-el-premi-joan-gomis-2020-de-periodisme-social\/\" title=\"Read &#8220;Teixint Fils d&#8217;Emocions&#8221; guardonat amb el premi Joan Gomis 2020 de periodisme social.\">Llegeix m\u00e9s\u00bb<\/a><\/p>\n","protected":false},"author":137,"featured_media":13251,"comment_status":"open","ping_status":"closed","sticky":false,"template":"","format":"standard","meta":{"_bbp_topic_count":0,"_bbp_reply_count":0,"_bbp_total_topic_count":0,"_bbp_total_reply_count":0,"_bbp_voice_count":0,"_bbp_anonymous_reply_count":0,"_bbp_topic_count_hidden":0,"_bbp_reply_count_hidden":0,"_bbp_forum_subforum_count":0,"footnotes":""},"categories":[29,1046,1045],"tags":[],"class_list":["post-13256","post","type-post","status-publish","format-standard","has-post-thumbnail","hentry","category-portada","category-primaria","category-secundaria"],"post_mailing_queue_ids":[],"_links":{"self":[{"href":"https:\/\/serveiseducatius.xtec.cat\/altmaresme\/wp-json\/wp\/v2\/posts\/13256","targetHints":{"allow":["GET"]}}],"collection":[{"href":"https:\/\/serveiseducatius.xtec.cat\/altmaresme\/wp-json\/wp\/v2\/posts"}],"about":[{"href":"https:\/\/serveiseducatius.xtec.cat\/altmaresme\/wp-json\/wp\/v2\/types\/post"}],"author":[{"embeddable":true,"href":"https:\/\/serveiseducatius.xtec.cat\/altmaresme\/wp-json\/wp\/v2\/users\/137"}],"replies":[{"embeddable":true,"href":"https:\/\/serveiseducatius.xtec.cat\/altmaresme\/wp-json\/wp\/v2\/comments?post=13256"}],"version-history":[{"count":1,"href":"https:\/\/serveiseducatius.xtec.cat\/altmaresme\/wp-json\/wp\/v2\/posts\/13256\/revisions"}],"predecessor-version":[{"id":13257,"href":"https:\/\/serveiseducatius.xtec.cat\/altmaresme\/wp-json\/wp\/v2\/posts\/13256\/revisions\/13257"}],"wp:featuredmedia":[{"embeddable":true,"href":"https:\/\/serveiseducatius.xtec.cat\/altmaresme\/wp-json\/wp\/v2\/media\/13251"}],"wp:attachment":[{"href":"https:\/\/serveiseducatius.xtec.cat\/altmaresme\/wp-json\/wp\/v2\/media?parent=13256"}],"wp:term":[{"taxonomy":"category","embeddable":true,"href":"https:\/\/serveiseducatius.xtec.cat\/altmaresme\/wp-json\/wp\/v2\/categories?post=13256"},{"taxonomy":"post_tag","embeddable":true,"href":"https:\/\/serveiseducatius.xtec.cat\/altmaresme\/wp-json\/wp\/v2\/tags?post=13256"}],"curies":[{"name":"wp","href":"https:\/\/api.w.org\/{rel}","templated":true}]}}