{"id":13215,"date":"2020-11-27T15:00:28","date_gmt":"2020-11-27T14:00:28","guid":{"rendered":"http:\/\/serveiseducatius.xtec.cat\/altmaresme\/?p=13215"},"modified":"2020-11-27T10:36:32","modified_gmt":"2020-11-27T09:36:32","slug":"regalem-cds-daudio-damaris-gelabert","status":"publish","type":"post","link":"https:\/\/serveiseducatius.xtec.cat\/altmaresme\/portada\/regalem-cds-daudio-damaris-gelabert\/","title":{"rendered":"Regalem CDS d&#8217;\u00e0udio: D\u00e0maris Gelabert"},"content":{"rendered":"<p>Encara teniu algun reproductor de Cds? Sou de les que feu el Bon dia, els dies de la setmana&#8230;.les rutines o ensenyeu conceptes musicals amb les can\u00e7ons de la D\u00e0maris? El CRP Maresme II regala la seva col\u00b7lecci\u00f3 a la primera persona* interessada que ens posi un comentari en aquest article.<\/p>\n<p><strong>Can\u00e7ons per aprendre. 3-6 anys<\/strong>. Can\u00e7ons per aprendre a gaudir de la m\u00fasica, tot jugant, cantant, ballant, escoltant, i alhora aprenent altres coses importants per al desenvolupament dels infants. Pot ser \u00fatil tant a l&#8217;\u00e0mbit familiar com a l&#8217;escola i poden ajudar a refor\u00e7ar de forma l\u00fadica i divertida alguns dels aprenentatges b\u00e0sics. En el llibret adjunt hi ha les lletres de cada can\u00e7\u00f3, aix\u00ed com una explicaci\u00f3 del context m\u00e9s adequat per cantar-la o ballar-la i els jocs que pot generar. Cont\u00e9 14 can\u00e7ons, amb doble versi\u00f3: cantada i instrumental. Al mateix CD hi ha un llibret de 16 p\u00e0gines amb les lletres i altres texts.<\/p>\n<p><strong>Can\u00e7ons per aprendre. 7-9 anys<\/strong>. Can\u00e7ons per aprendre a gaudir de la m\u00fasica, tot jugant, cantant, ballant, escoltant, i alhora aprenent altres coses importants per al desenvolupament dels infants. Pot ser \u00fatil tant a l&#8217;\u00e0mbit familiar com a l&#8217;escola i poden ajudar a refor\u00e7ar de forma l\u00fadica i divertida alguns dels aprenentatges b\u00e0sics. En el llibret adjunt hi ha les lletres de cada can\u00e7\u00f3, aix\u00ed com una explicaci\u00f3 del context m\u00e9s adequat per cantar-la o ballar-la i els jocs que pot generar. Cont\u00e9 13 can\u00e7ons, amb doble versi\u00f3: cantada i intrumental. Al mateix cd hi ha un llibret de 16 p\u00e0gines amb les lletres i altres textos.<\/p>\n<p><strong>Tot sona!<\/strong> Inclou llibret amb partitures i propostes did\u00e0ctiques.<\/p>\n<p><sub>*que no hagi estat ja guanyadora<\/sub><\/p>\n","protected":false},"excerpt":{"rendered":"<p>Encara teniu algun reproductor de Cds? Sou de les que feu el Bon dia, els dies de la setmana&#8230;.les rutines o ensenyeu conceptes musicals amb les can\u00e7ons de la D\u00e0maris? El CRP Maresme II regala la seva col\u00b7lecci\u00f3 a la primera persona* interessada que ens&hellip;  <a href=\"https:\/\/serveiseducatius.xtec.cat\/altmaresme\/portada\/regalem-cds-daudio-damaris-gelabert\/\" title=\"Read Regalem CDS d&#8217;\u00e0udio: D\u00e0maris Gelabert\">Llegeix m\u00e9s\u00bb<\/a><\/p>\n","protected":false},"author":137,"featured_media":13219,"comment_status":"open","ping_status":"closed","sticky":false,"template":"","format":"standard","meta":{"_bbp_topic_count":0,"_bbp_reply_count":0,"_bbp_total_topic_count":0,"_bbp_total_reply_count":0,"_bbp_voice_count":0,"_bbp_anonymous_reply_count":0,"_bbp_topic_count_hidden":0,"_bbp_reply_count_hidden":0,"_bbp_forum_subforum_count":0,"footnotes":""},"categories":[29,1046],"tags":[],"class_list":["post-13215","post","type-post","status-publish","format-standard","has-post-thumbnail","hentry","category-portada","category-primaria"],"post_mailing_queue_ids":[],"_links":{"self":[{"href":"https:\/\/serveiseducatius.xtec.cat\/altmaresme\/wp-json\/wp\/v2\/posts\/13215","targetHints":{"allow":["GET"]}}],"collection":[{"href":"https:\/\/serveiseducatius.xtec.cat\/altmaresme\/wp-json\/wp\/v2\/posts"}],"about":[{"href":"https:\/\/serveiseducatius.xtec.cat\/altmaresme\/wp-json\/wp\/v2\/types\/post"}],"author":[{"embeddable":true,"href":"https:\/\/serveiseducatius.xtec.cat\/altmaresme\/wp-json\/wp\/v2\/users\/137"}],"replies":[{"embeddable":true,"href":"https:\/\/serveiseducatius.xtec.cat\/altmaresme\/wp-json\/wp\/v2\/comments?post=13215"}],"version-history":[{"count":3,"href":"https:\/\/serveiseducatius.xtec.cat\/altmaresme\/wp-json\/wp\/v2\/posts\/13215\/revisions"}],"predecessor-version":[{"id":13271,"href":"https:\/\/serveiseducatius.xtec.cat\/altmaresme\/wp-json\/wp\/v2\/posts\/13215\/revisions\/13271"}],"wp:featuredmedia":[{"embeddable":true,"href":"https:\/\/serveiseducatius.xtec.cat\/altmaresme\/wp-json\/wp\/v2\/media\/13219"}],"wp:attachment":[{"href":"https:\/\/serveiseducatius.xtec.cat\/altmaresme\/wp-json\/wp\/v2\/media?parent=13215"}],"wp:term":[{"taxonomy":"category","embeddable":true,"href":"https:\/\/serveiseducatius.xtec.cat\/altmaresme\/wp-json\/wp\/v2\/categories?post=13215"},{"taxonomy":"post_tag","embeddable":true,"href":"https:\/\/serveiseducatius.xtec.cat\/altmaresme\/wp-json\/wp\/v2\/tags?post=13215"}],"curies":[{"name":"wp","href":"https:\/\/api.w.org\/{rel}","templated":true}]}}