{"id":13210,"date":"2020-12-15T11:00:55","date_gmt":"2020-12-15T10:00:55","guid":{"rendered":"http:\/\/serveiseducatius.xtec.cat\/altmaresme\/?p=13210"},"modified":"2020-12-11T08:33:29","modified_gmt":"2020-12-11T07:33:29","slug":"regalem-cds-daudio-ara-va-de-bo","status":"publish","type":"post","link":"https:\/\/serveiseducatius.xtec.cat\/altmaresme\/portada\/regalem-cds-daudio-ara-va-de-bo\/","title":{"rendered":"Regalem CDS d&#8217;\u00e0udio: Ara va de bo"},"content":{"rendered":"<p>Encara teniu algun reproductor de Cds? Voleu un recull de can\u00e7ons, jocs i danses? El CRP Maresme II els regala a la primera persona* interessada que ens posi un comentari en aquest article.<\/p>\n<p>Ara va de bo. Recull 25 anys. Per celebrar els 25 anys del grup Ara va de bo s&#8217;ha preparat aquest recull amb 36 can\u00e7ons de tots els discos gravats des de l&#8217;any 1971 fins al 1996. Hi participen la major part dels 54 m\u00fasics que han passat pel grup durant aquest temps. Les can\u00e7ons s\u00f3n les seg\u00fcents: Apa anem-hi tots, Cavallet de cartr\u00f3, Una gat tenia una pu\u00e7a, Tinc un conill, El burriquet, Can\u00e7\u00f3 de picar fusta, El bon ca\u00e7ador, Si no saps qu\u00e8 fer, Cric-cata-crec&#8230;<\/p>\n<p>Ara va de bo. Can\u00e7ons de tothom. 30\u00e8 aniversari. Recull de 21 can\u00e7ons realitzades entre el 1971 i el 1997: El m\u00e0gic Dr. Pins; Una dona llarga i prima; Si no saps qu\u00e8 fer; El rector de Pallej\u00e0; Can\u00e7\u00f3 n.1 d&#8217;en Pere Poma; Rap vegetari\u00e0; Cric-cata-crec&#8230;<\/p>\n<p>Ara va de bo. Danses d&#8217;arreu del m\u00f3n. 30\u00e8 aniversari. Recull de 16 can\u00e7ons d&#8217;arreu del m\u00f3n: El ball de Sant Ferriol (Catalunya), La polca del pap\u00e0 (Fran\u00e7a), Oh Susanna (Estats Units), Las bicicletas (M\u00e9xico), Kolo de Voivodina (S\u00e8rbia), Farandola del conill (Proven\u00e7a), Boriano (Bulg\u00e0ria), Tedesca (Austria), La fira (Israel), Tema del Drac (Catalunya), Les noies (Su\u00e8cia), La cabreta (Gran Bretanya), Verd, verd, verd (Alemanya)&#8230;<\/p>\n<p>Ara va de bo. Jocs cantats. 30\u00e8 aniversari. Recull de 17 can\u00e7ons de la primera \u00e8poca dels Ara va de bo i que serveixen de basse per a jocs asseguts o amb moviment. La majoria s\u00f3n entre el 1971 i el 1975, tot i que altres s\u00f3n de dates diferents: La gresca; El tren pinxo de Banyoles; El ball de la civada; Un gat tenia una pu\u00e7a; Napole\u00f3; Per la carretera; En Joan Petit quan balla; L&#8217;aranya; El tren xup-xup; John Brau; Ai, bandis; Cops de mans; Jo tinc cinc pomes; Picarel\u00b7la; Els cavallers; El ball de les manxes; Ja no canta el capell\u00e0.<\/p>\n<p><sub>*que no hagi estat ja guanyadora<\/sub><\/p>\n","protected":false},"excerpt":{"rendered":"<p>Encara teniu algun reproductor de Cds? Voleu un recull de can\u00e7ons, jocs i danses? El CRP Maresme II els regala a la primera persona* interessada que ens posi un comentari en aquest article.<br \/>\nAra va de bo. Recull 25 anys. Per celebrar els 25 anys del&hellip;  <a href=\"https:\/\/serveiseducatius.xtec.cat\/altmaresme\/portada\/regalem-cds-daudio-ara-va-de-bo\/\" title=\"Read Regalem CDS d&#8217;\u00e0udio: Ara va de bo\">Llegeix m\u00e9s\u00bb<\/a><\/p>\n","protected":false},"author":137,"featured_media":13212,"comment_status":"open","ping_status":"closed","sticky":false,"template":"","format":"standard","meta":{"_bbp_topic_count":0,"_bbp_reply_count":0,"_bbp_total_topic_count":0,"_bbp_total_reply_count":0,"_bbp_voice_count":0,"_bbp_anonymous_reply_count":0,"_bbp_topic_count_hidden":0,"_bbp_reply_count_hidden":0,"_bbp_forum_subforum_count":0,"footnotes":""},"categories":[29,1046],"tags":[],"class_list":["post-13210","post","type-post","status-publish","format-standard","has-post-thumbnail","hentry","category-portada","category-primaria"],"post_mailing_queue_ids":[],"_links":{"self":[{"href":"https:\/\/serveiseducatius.xtec.cat\/altmaresme\/wp-json\/wp\/v2\/posts\/13210","targetHints":{"allow":["GET"]}}],"collection":[{"href":"https:\/\/serveiseducatius.xtec.cat\/altmaresme\/wp-json\/wp\/v2\/posts"}],"about":[{"href":"https:\/\/serveiseducatius.xtec.cat\/altmaresme\/wp-json\/wp\/v2\/types\/post"}],"author":[{"embeddable":true,"href":"https:\/\/serveiseducatius.xtec.cat\/altmaresme\/wp-json\/wp\/v2\/users\/137"}],"replies":[{"embeddable":true,"href":"https:\/\/serveiseducatius.xtec.cat\/altmaresme\/wp-json\/wp\/v2\/comments?post=13210"}],"version-history":[{"count":3,"href":"https:\/\/serveiseducatius.xtec.cat\/altmaresme\/wp-json\/wp\/v2\/posts\/13210\/revisions"}],"predecessor-version":[{"id":13270,"href":"https:\/\/serveiseducatius.xtec.cat\/altmaresme\/wp-json\/wp\/v2\/posts\/13210\/revisions\/13270"}],"wp:featuredmedia":[{"embeddable":true,"href":"https:\/\/serveiseducatius.xtec.cat\/altmaresme\/wp-json\/wp\/v2\/media\/13212"}],"wp:attachment":[{"href":"https:\/\/serveiseducatius.xtec.cat\/altmaresme\/wp-json\/wp\/v2\/media?parent=13210"}],"wp:term":[{"taxonomy":"category","embeddable":true,"href":"https:\/\/serveiseducatius.xtec.cat\/altmaresme\/wp-json\/wp\/v2\/categories?post=13210"},{"taxonomy":"post_tag","embeddable":true,"href":"https:\/\/serveiseducatius.xtec.cat\/altmaresme\/wp-json\/wp\/v2\/tags?post=13210"}],"curies":[{"name":"wp","href":"https:\/\/api.w.org\/{rel}","templated":true}]}}