{"id":13196,"date":"2020-10-28T10:09:48","date_gmt":"2020-10-28T09:09:48","guid":{"rendered":"http:\/\/serveiseducatius.xtec.cat\/altmaresme\/?p=13196"},"modified":"2020-10-28T10:09:48","modified_gmt":"2020-10-28T09:09:48","slug":"taller-gratuit-de-politiques-climatiques-6-de-novembre","status":"publish","type":"post","link":"https:\/\/serveiseducatius.xtec.cat\/altmaresme\/portada\/taller-gratuit-de-politiques-climatiques-6-de-novembre\/","title":{"rendered":"Taller Gratu\u00eft de Pol\u00edtiques clim\u00e0tiques. 6 de novembre"},"content":{"rendered":"<p>Taller gratu\u00eft per a la creaci\u00f3 de propostes de participaci\u00f3 juvenil en pol\u00edtiques clim\u00e0tiques locals organitzat dins del cicle <a href=\"https:\/\/www.ecoserveis.net\/que-fem\/joves-i-clima\/\" target=\"_blank\" rel=\"noopener noreferrer\" data-saferedirecturl=\"https:\/\/www.google.com\/url?q=https:\/\/www.ecoserveis.net\/que-fem\/joves-i-clima\/&amp;source=gmail&amp;ust=1603955894298000&amp;usg=AFQjCNEQNbTOvrx6j2mFqodjgKsJ4jewBQ\">Participaci\u00f3 Juvenil en Pol\u00edtiques Clim\u00e0tiques. <\/a>Es tracta d&#8217;un espai de trobada per a joves, professionals del sector educatiu, personal de les administracions p\u00fabliques i del sector privat.<\/p>\n<p>A continuaci\u00f3 hi haur\u00e0 una pon\u00e8ncia sobre <strong>mecanismes de participaci\u00f3 juvenil en pol\u00edtiques p\u00fabliques<\/strong>\u00a0a c\u00e0rrec d\u2019Irina Fedorenko, de la\u00a0<a href=\"https:\/\/www.ox.ac.uk\/\" target=\"_blank\" rel=\"noopener noreferrer\" data-saferedirecturl=\"https:\/\/www.google.com\/url?q=https:\/\/www.ox.ac.uk\/&amp;source=gmail&amp;ust=1603955894298000&amp;usg=AFQjCNFifYEAU7uqTwa-ZM3DLJ3aj08MqA\">Universitat d\u2019Oxford (VO)<\/a><\/p>\n<p>Facilitaci\u00f3 en catal\u00e0 i metodologia participativa interactiva.\u00a0Pon\u00e8ncia en angl\u00e8s (versi\u00f3 original).<\/p>\n<ul dir=\"ltr\">\n<li><strong>Data<\/strong>: Divendres 6\/11\/20<\/li>\n<li><strong>Hora<\/strong>: 18:00 \u2013 20:00<\/li>\n<li><strong>Plataforma<\/strong>: Zoom<\/li>\n<\/ul>\n<table class=\" aligncenter\" style=\"width: 5px; height: 106px;\" border=\"0\" width=\"100%\" cellspacing=\"0\" cellpadding=\"0\">\n<tbody>\n<tr>\n<td style=\"width: 171px;\" align=\"center\" valign=\"top\">\n<table style=\"height: 61px; border-color: #000000; width: 151px; background-color: #b7e0f7;\" border=\"0\" width=\"151\" cellspacing=\"0\" cellpadding=\"0\">\n<tbody>\n<tr>\n<td style=\"width: 149px;\" align=\"center\" valign=\"middle\">\n<h3><a title=\"Registra't-hi!\" href=\"http:\/\/bit.ly\/Generaci%C3%B3\" target=\"_blank\" rel=\"noopener noreferrer\" data-saferedirecturl=\"https:\/\/www.google.com\/url?q=http:\/\/bit.ly\/Generaci%25C3%25B3&amp;source=gmail&amp;ust=1603955894298000&amp;usg=AFQjCNFkH6-L3Kdn8y5pJPfGCqnfTIBk_w\">Registra&#8217;t-hi!<\/a><\/h3>\n<\/td>\n<\/tr>\n<\/tbody>\n<\/table>\n<\/td>\n<\/tr>\n<\/tbody>\n<\/table>\n","protected":false},"excerpt":{"rendered":"<p>Taller gratu\u00eft per a la creaci\u00f3 de propostes de participaci\u00f3 juvenil en pol\u00edtiques clim\u00e0tiques locals organitzat dins del cicle <a href=\"https:\/\/www.ecoserveis.net\/que-fem\/joves-i-clima\/\" target=\"_blank\" rel=\"noopener noreferrer\" data-saferedirecturl=\"https:\/\/www.google.com\/url?q=https:\/\/www.ecoserveis.net\/que-fem\/joves-i-clima\/&amp;source=gmail&amp;ust=1603955894298000&amp;usg=AFQjCNEQNbTOvrx6j2mFqodjgKsJ4jewBQ\">Participaci\u00f3 Juvenil en Pol\u00edtiques Clim\u00e0tiques. <\/a>Es tracta d&#8217;un espai de trobada per a joves, professionals del sector educatiu, personal de les&hellip;  <a href=\"https:\/\/serveiseducatius.xtec.cat\/altmaresme\/portada\/taller-gratuit-de-politiques-climatiques-6-de-novembre\/\" title=\"Read Taller Gratu\u00eft de Pol\u00edtiques clim\u00e0tiques. 6 de novembre\">Llegeix m\u00e9s\u00bb<\/a><\/p>\n","protected":false},"author":73,"featured_media":13197,"comment_status":"open","ping_status":"closed","sticky":false,"template":"","format":"standard","meta":{"_bbp_topic_count":0,"_bbp_reply_count":0,"_bbp_total_topic_count":0,"_bbp_total_reply_count":0,"_bbp_voice_count":0,"_bbp_anonymous_reply_count":0,"_bbp_topic_count_hidden":0,"_bbp_reply_count_hidden":0,"_bbp_forum_subforum_count":0,"footnotes":""},"categories":[29,1045],"tags":[],"class_list":["post-13196","post","type-post","status-publish","format-standard","has-post-thumbnail","hentry","category-portada","category-secundaria"],"post_mailing_queue_ids":[],"_links":{"self":[{"href":"https:\/\/serveiseducatius.xtec.cat\/altmaresme\/wp-json\/wp\/v2\/posts\/13196","targetHints":{"allow":["GET"]}}],"collection":[{"href":"https:\/\/serveiseducatius.xtec.cat\/altmaresme\/wp-json\/wp\/v2\/posts"}],"about":[{"href":"https:\/\/serveiseducatius.xtec.cat\/altmaresme\/wp-json\/wp\/v2\/types\/post"}],"author":[{"embeddable":true,"href":"https:\/\/serveiseducatius.xtec.cat\/altmaresme\/wp-json\/wp\/v2\/users\/73"}],"replies":[{"embeddable":true,"href":"https:\/\/serveiseducatius.xtec.cat\/altmaresme\/wp-json\/wp\/v2\/comments?post=13196"}],"version-history":[{"count":1,"href":"https:\/\/serveiseducatius.xtec.cat\/altmaresme\/wp-json\/wp\/v2\/posts\/13196\/revisions"}],"predecessor-version":[{"id":13198,"href":"https:\/\/serveiseducatius.xtec.cat\/altmaresme\/wp-json\/wp\/v2\/posts\/13196\/revisions\/13198"}],"wp:featuredmedia":[{"embeddable":true,"href":"https:\/\/serveiseducatius.xtec.cat\/altmaresme\/wp-json\/wp\/v2\/media\/13197"}],"wp:attachment":[{"href":"https:\/\/serveiseducatius.xtec.cat\/altmaresme\/wp-json\/wp\/v2\/media?parent=13196"}],"wp:term":[{"taxonomy":"category","embeddable":true,"href":"https:\/\/serveiseducatius.xtec.cat\/altmaresme\/wp-json\/wp\/v2\/categories?post=13196"},{"taxonomy":"post_tag","embeddable":true,"href":"https:\/\/serveiseducatius.xtec.cat\/altmaresme\/wp-json\/wp\/v2\/tags?post=13196"}],"curies":[{"name":"wp","href":"https:\/\/api.w.org\/{rel}","templated":true}]}}