{"id":13185,"date":"2020-10-28T12:30:51","date_gmt":"2020-10-28T11:30:51","guid":{"rendered":"http:\/\/serveiseducatius.xtec.cat\/altmaresme\/?p=13185"},"modified":"2020-11-05T13:29:08","modified_gmt":"2020-11-05T12:29:08","slug":"ja-som-15-centres-de-la-zona-oberta-la-inscripcio-fins-al-16-de-novembre","status":"publish","type":"post","link":"https:\/\/serveiseducatius.xtec.cat\/altmaresme\/portada\/ja-som-15-centres-de-la-zona-oberta-la-inscripcio-fins-al-16-de-novembre\/","title":{"rendered":"Ja som 15 centres de la zona! Oberta la inscripci\u00f3 fins al 16 de novembre."},"content":{"rendered":"<h3>XVII CERTAMEN NACIONAL DE LECTURA EN VEU ALTA<\/h3>\n<h4><span style=\"color: #000000; font-family: verdana, sans-serif;\">Com hi ha nova normalitat, tamb\u00e9 hi ha nou <span class=\"il\">Certamen<\/span>. Enguany s&#8217;han fet canvis!, Veureu que s\u00f3n canvis substancials i, per tant, llegiu les novetats abans de fer la inscripci\u00f3,\u00a0 <b><a href=\"https:\/\/www.lecturaenveualta.cat\/novetats-al-xvii-certamen-de-lva\/\" target=\"_blank\" rel=\"noopener noreferrer\" data-saferedirecturl=\"https:\/\/www.google.com\/url?q=https:\/\/www.lecturaenveualta.cat\/novetats-al-xvii-certamen-de-lva\/&amp;source=gmail&amp;ust=1601725922200000&amp;usg=AFQjCNFkIX3qRttH5qb4HiJxt854RY9tWw\">aqu\u00ed hi trobareu tota la informaci\u00f3<\/a>.\u00a0<\/b><\/span><\/h4>\n<div><\/div>\n<div><\/div>\n<h4><span style=\"font-family: verdana, sans-serif;\">La inscripci\u00f3 la podreu fer de<b>\u00a0l\u20191 d\u2019octubre al 16 de novembre\u00a0al<\/b>\u00a0<b><a href=\"http:\/\/www.lecturaenveualta.cat\/\" target=\"_blank\" rel=\"noopener noreferrer\" data-saferedirecturl=\"https:\/\/www.google.com\/url?q=http:\/\/www.lecturaenveualta.cat\/&amp;source=gmail&amp;ust=1601725922200000&amp;usg=AFQjCNEaVwbLmWq6-2VqHoZFFqxaSwXViA\">web del\u00a0<span class=\"il\">Certamen<\/span><\/a>.<\/b><br \/>\n<\/span><\/h4>\n<h4><span style=\"font-family: verdana, sans-serif;\">\u00a0<\/span><\/h4>\n<h4><span style=\"color: #000000; font-family: verdana, sans-serif;\">Esperem que us animeu a participar en aquesta renovada edici\u00f3.<\/span><\/h4>\n","protected":false},"excerpt":{"rendered":"<p>XVII CERTAMEN NACIONAL DE LECTURA EN VEU ALTA<br \/>\nCom hi ha nova normalitat, tamb\u00e9 hi ha nou Certamen. Enguany s&#8217;han fet canvis!, Veureu que s\u00f3n canvis substancials i, per tant, llegiu les novetats abans de fer la inscripci\u00f3,\u00a0 <a href=\"https:\/\/www.lecturaenveualta.cat\/novetats-al-xvii-certamen-de-lva\/\" target=\"_blank\" rel=\"noopener noreferrer\" data-saferedirecturl=\"https:\/\/www.google.com\/url?q=https:\/\/www.lecturaenveualta.cat\/novetats-al-xvii-certamen-de-lva\/&amp;source=gmail&amp;ust=1601725922200000&amp;usg=AFQjCNFkIX3qRttH5qb4HiJxt854RY9tWw\">aqu\u00ed hi trobareu&hellip;  <a href=\"https:\/\/serveiseducatius.xtec.cat\/altmaresme\/portada\/ja-som-15-centres-de-la-zona-oberta-la-inscripcio-fins-al-16-de-novembre\/\" title=\"Read Ja som 15 centres de la zona! Oberta la inscripci\u00f3 fins al 16 de novembre.\">Llegeix m\u00e9s\u00bb<\/a><\/p>\n","protected":false},"author":137,"featured_media":13100,"comment_status":"open","ping_status":"closed","sticky":false,"template":"","format":"standard","meta":{"_bbp_topic_count":0,"_bbp_reply_count":0,"_bbp_total_topic_count":0,"_bbp_total_reply_count":0,"_bbp_voice_count":0,"_bbp_anonymous_reply_count":0,"_bbp_topic_count_hidden":0,"_bbp_reply_count_hidden":0,"_bbp_forum_subforum_count":0,"footnotes":""},"categories":[72,29,1046,1045],"tags":[],"class_list":["post-13185","post","type-post","status-publish","format-standard","has-post-thumbnail","hentry","category-lectura-en-veu-alta","category-portada","category-primaria","category-secundaria"],"post_mailing_queue_ids":[],"_links":{"self":[{"href":"https:\/\/serveiseducatius.xtec.cat\/altmaresme\/wp-json\/wp\/v2\/posts\/13185","targetHints":{"allow":["GET"]}}],"collection":[{"href":"https:\/\/serveiseducatius.xtec.cat\/altmaresme\/wp-json\/wp\/v2\/posts"}],"about":[{"href":"https:\/\/serveiseducatius.xtec.cat\/altmaresme\/wp-json\/wp\/v2\/types\/post"}],"author":[{"embeddable":true,"href":"https:\/\/serveiseducatius.xtec.cat\/altmaresme\/wp-json\/wp\/v2\/users\/137"}],"replies":[{"embeddable":true,"href":"https:\/\/serveiseducatius.xtec.cat\/altmaresme\/wp-json\/wp\/v2\/comments?post=13185"}],"version-history":[{"count":3,"href":"https:\/\/serveiseducatius.xtec.cat\/altmaresme\/wp-json\/wp\/v2\/posts\/13185\/revisions"}],"predecessor-version":[{"id":13255,"href":"https:\/\/serveiseducatius.xtec.cat\/altmaresme\/wp-json\/wp\/v2\/posts\/13185\/revisions\/13255"}],"wp:featuredmedia":[{"embeddable":true,"href":"https:\/\/serveiseducatius.xtec.cat\/altmaresme\/wp-json\/wp\/v2\/media\/13100"}],"wp:attachment":[{"href":"https:\/\/serveiseducatius.xtec.cat\/altmaresme\/wp-json\/wp\/v2\/media?parent=13185"}],"wp:term":[{"taxonomy":"category","embeddable":true,"href":"https:\/\/serveiseducatius.xtec.cat\/altmaresme\/wp-json\/wp\/v2\/categories?post=13185"},{"taxonomy":"post_tag","embeddable":true,"href":"https:\/\/serveiseducatius.xtec.cat\/altmaresme\/wp-json\/wp\/v2\/tags?post=13185"}],"curies":[{"name":"wp","href":"https:\/\/api.w.org\/{rel}","templated":true}]}}