{"id":13110,"date":"2020-10-26T12:40:12","date_gmt":"2020-10-26T11:40:12","guid":{"rendered":"http:\/\/serveiseducatius.xtec.cat\/altmaresme\/?p=13110"},"modified":"2020-10-06T13:19:28","modified_gmt":"2020-10-06T11:19:28","slug":"per-unes-xarxes-socials-mes-diverses","status":"publish","type":"post","link":"https:\/\/serveiseducatius.xtec.cat\/altmaresme\/portada\/per-unes-xarxes-socials-mes-diverses\/","title":{"rendered":"Per unes xarxes socials m\u00e9s diverses!"},"content":{"rendered":"<p>&nbsp;<\/p>\n<table style=\"width: 0%; height: 332px;\" border=\"0\" width=\"100%\" cellspacing=\"0\" cellpadding=\"0\">\n<tbody>\n<tr style=\"height: 332px;\">\n<td style=\"height: 332px;\" valign=\"top\">\n<table class=\"m_5079134199709008257mcnTextContentContainer\" border=\"0\" width=\"100%\" cellspacing=\"0\" cellpadding=\"0\" align=\"left\">\n<tbody>\n<tr>\n<td class=\"m_5079134199709008257mcnTextContent\" valign=\"top\">A la c\u00e0psula\u00a0<a href=\"https:\/\/butlleti.dracmagic.com\/c\/wld0e1\/vowirkbi\/mx2cynnbfbi\" target=\"_blank\" rel=\"noopener noreferrer\" data-saferedirecturl=\"https:\/\/www.google.com\/url?q=https:\/\/butlleti.dracmagic.com\/c\/wld0e1\/vowirkbi\/mx2cynnbfbi&amp;source=gmail&amp;ust=1602055766928000&amp;usg=AFQjCNGQehy2gOzM4FIZronbZ1YNgDFUAQ\">&#8216;A qui podem trobar a les xarxes socials?&#8217;<\/a>\u00a0la youtubera\u00a0<strong>Maria Bouabdellah Shaimi<\/strong>\u00a0ens convida a participar en el\u00a0<strong>Reimagina&#8217;t. V\u00eddeos lliures de sexisme<\/strong>\u00a0amb v\u00eddeos que posin en q\u00fcesti\u00f3 la normativitat del m\u00f3n que sovint projecten les xarxes: Com s\u00f3n, majorit\u00e0riament, els personatges que coneixem a trav\u00e9s d&#8217;elles? Quins col\u00b7lectius apareixen menys? Com podem explicar aquestes abs\u00e8ncies? La Maria ens convida a pensar en les conseq\u00fc\u00e8ncies d&#8217;aquesta infrarepresentaci\u00f3 i en com revertir-la.<\/p>\n<p>A m\u00e9s del seu v\u00eddeo, a la secci\u00f3\u00a0<strong>materials de suport\u00a0<\/strong>del web del\u00a0<a href=\"https:\/\/butlleti.dracmagic.com\/c\/wld0e1\/vowirkbi\/s3bsfdhb-py\" target=\"_blank\" rel=\"noopener noreferrer\" data-saferedirecturl=\"https:\/\/www.google.com\/url?q=https:\/\/butlleti.dracmagic.com\/c\/wld0e1\/vowirkbi\/s3bsfdhb-py&amp;source=gmail&amp;ust=1602055766928000&amp;usg=AFQjCNGBUSUR-eqMqxmwrBgNAiWP-TKrTA\">Reimagina&#8217;t. V\u00eddeos lliures de sexisme<\/a>\u00a0podeu trobar\u00a0<strong>altres recursos<\/strong>\u00a0que poden ajudar a fer que la vostra candidatura al concurs prengui forma: v\u00eddeos d&#8217;altres youtuberes, com la Laura Grau, plantilles de guions i storyboards, glossaris, exemples de bones pr\u00e0ctiques, etc.<\/p>\n<p>El termini d&#8217;inscripci\u00f3 acaba el\u00a0<strong>30 d&#8217;octubre<\/strong>, per\u00f2 teniu fins al 12 de febrer de 2021 per enviar la vostra participaci\u00f3.<\/p>\n<p>Poden participar en el concurs grups de noies i nois de centres educatius o entitats de lleure que formin part dels municipis de<strong>\u00a0<\/strong>l\u2019<strong>Observatori de les dones en els mitjans de comunicaci\u00f3<\/strong><em>.\u00a0<\/em>Existeixen dues categories: de 12 a 14 anys i de 14 a 16 anys.<\/p>\n<table border=\"0\" width=\"100%\" cellspacing=\"0\" cellpadding=\"0\">\n<tbody>\n<tr>\n<td align=\"center\" valign=\"top\">\n<table style=\"height: 38px;\" border=\"0\" width=\"312\" cellspacing=\"0\" cellpadding=\"0\">\n<tbody>\n<tr>\n<td style=\"width: 311.111px;\" align=\"center\" valign=\"middle\">\n<h3><a class=\"m_5079134199709008257mcnButton\" title=\"Veure el v\u00eddeo\" href=\"https:\/\/butlleti.dracmagic.com\/c\/wld0e1\/vowirkbi\/2kjobpxhtew\" target=\"_blank\" rel=\"noopener noreferrer\" data-saferedirecturl=\"https:\/\/www.google.com\/url?q=https:\/\/butlleti.dracmagic.com\/c\/wld0e1\/vowirkbi\/2kjobpxhtew&amp;source=gmail&amp;ust=1602055766928000&amp;usg=AFQjCNHLIEtbSSwQn-1IBX9U4-_yg4Tk2A\">Veure el v\u00eddeo<\/a><\/h3>\n<\/td>\n<\/tr>\n<\/tbody>\n<\/table>\n<\/td>\n<\/tr>\n<\/tbody>\n<\/table>\n<\/td>\n<\/tr>\n<\/tbody>\n<\/table>\n<\/td>\n<\/tr>\n<\/tbody>\n<\/table>\n<p>&nbsp;<\/p>\n<p>&nbsp;<\/p>\n","protected":false},"excerpt":{"rendered":"<p>&nbsp;<\/p>\n<p>A la c\u00e0psula\u00a0<a href=\"https:\/\/butlleti.dracmagic.com\/c\/wld0e1\/vowirkbi\/mx2cynnbfbi\" target=\"_blank\" rel=\"noopener noreferrer\" data-saferedirecturl=\"https:\/\/www.google.com\/url?q=https:\/\/butlleti.dracmagic.com\/c\/wld0e1\/vowirkbi\/mx2cynnbfbi&amp;source=gmail&amp;ust=1602055766928000&amp;usg=AFQjCNGQehy2gOzM4FIZronbZ1YNgDFUAQ\">&#8216;A qui podem trobar a les xarxes socials?&#8217;<\/a>\u00a0la youtubera\u00a0Maria Bouabdellah Shaimi\u00a0ens convida a participar en el\u00a0Reimagina&#8217;t. V\u00eddeos lliures de sexisme\u00a0amb v\u00eddeos que posin en q\u00fcesti\u00f3 la normativitat del m\u00f3n que sovint projecten les xarxes: Com s\u00f3n, majorit\u00e0riament, els&hellip;  <a href=\"https:\/\/serveiseducatius.xtec.cat\/altmaresme\/portada\/per-unes-xarxes-socials-mes-diverses\/\" title=\"Read Per unes xarxes socials m\u00e9s diverses!\">Llegeix m\u00e9s\u00bb<\/a><\/p>\n","protected":false},"author":137,"featured_media":13111,"comment_status":"open","ping_status":"closed","sticky":false,"template":"","format":"standard","meta":{"_bbp_topic_count":0,"_bbp_reply_count":0,"_bbp_total_topic_count":0,"_bbp_total_reply_count":0,"_bbp_voice_count":0,"_bbp_anonymous_reply_count":0,"_bbp_topic_count_hidden":0,"_bbp_reply_count_hidden":0,"_bbp_forum_subforum_count":0,"footnotes":""},"categories":[29,1045],"tags":[],"class_list":["post-13110","post","type-post","status-publish","format-standard","has-post-thumbnail","hentry","category-portada","category-secundaria"],"post_mailing_queue_ids":[],"_links":{"self":[{"href":"https:\/\/serveiseducatius.xtec.cat\/altmaresme\/wp-json\/wp\/v2\/posts\/13110","targetHints":{"allow":["GET"]}}],"collection":[{"href":"https:\/\/serveiseducatius.xtec.cat\/altmaresme\/wp-json\/wp\/v2\/posts"}],"about":[{"href":"https:\/\/serveiseducatius.xtec.cat\/altmaresme\/wp-json\/wp\/v2\/types\/post"}],"author":[{"embeddable":true,"href":"https:\/\/serveiseducatius.xtec.cat\/altmaresme\/wp-json\/wp\/v2\/users\/137"}],"replies":[{"embeddable":true,"href":"https:\/\/serveiseducatius.xtec.cat\/altmaresme\/wp-json\/wp\/v2\/comments?post=13110"}],"version-history":[{"count":1,"href":"https:\/\/serveiseducatius.xtec.cat\/altmaresme\/wp-json\/wp\/v2\/posts\/13110\/revisions"}],"predecessor-version":[{"id":13112,"href":"https:\/\/serveiseducatius.xtec.cat\/altmaresme\/wp-json\/wp\/v2\/posts\/13110\/revisions\/13112"}],"wp:featuredmedia":[{"embeddable":true,"href":"https:\/\/serveiseducatius.xtec.cat\/altmaresme\/wp-json\/wp\/v2\/media\/13111"}],"wp:attachment":[{"href":"https:\/\/serveiseducatius.xtec.cat\/altmaresme\/wp-json\/wp\/v2\/media?parent=13110"}],"wp:term":[{"taxonomy":"category","embeddable":true,"href":"https:\/\/serveiseducatius.xtec.cat\/altmaresme\/wp-json\/wp\/v2\/categories?post=13110"},{"taxonomy":"post_tag","embeddable":true,"href":"https:\/\/serveiseducatius.xtec.cat\/altmaresme\/wp-json\/wp\/v2\/tags?post=13110"}],"curies":[{"name":"wp","href":"https:\/\/api.w.org\/{rel}","templated":true}]}}