{"id":13102,"date":"2020-10-07T12:33:47","date_gmt":"2020-10-07T10:33:47","guid":{"rendered":"http:\/\/serveiseducatius.xtec.cat\/altmaresme\/?p=13102"},"modified":"2020-10-06T12:38:00","modified_gmt":"2020-10-06T10:38:00","slug":"inscripcio-als-tallers-el-gust-per-la-lectura","status":"publish","type":"post","link":"https:\/\/serveiseducatius.xtec.cat\/altmaresme\/portada\/inscripcio-als-tallers-el-gust-per-la-lectura\/","title":{"rendered":"Inscripci\u00f3 als tallers El Gust per la Lectura"},"content":{"rendered":"<table border=\"0\" cellspacing=\"0\" cellpadding=\"3\">\n<tbody>\n<tr>\n<td>Aquest any el Programa El Gust per la Lectura ofereix uns tallers de formaci\u00f3 molt interessants per a prim\u00e0ria, ESO i Batxillerat. Consistiran en dues sessions virtuals s\u00edncrones i la lectura d&#8217;un dels llibres que presenta el programa. La primera sessi\u00f3 ser\u00e0 sobre lectura guiada (ensenyaments obligatoris) i sobre cada un dels autors (batxillerat). La segona sessi\u00f3 ser\u00e0 participativa, es parlar\u00e0 de l&#8217;obra que hagin triat els inscrits i de la seva aplicaci\u00f3 a l&#8217;aula.<\/p>\n<p>I no oblidem la categoria &#8220;Llegir a la classe de ci\u00e8ncies&#8221;, perqu\u00e8 la lectura de ficci\u00f3 \u00e9s plena d&#8217;hist\u00f2ries amb rerefons cient\u00edfic.<\/p>\n<p>Amb aquesta formaci\u00f3 es vol afavorir el coneixement d&#8217;aquestes obres per part dels docents i el treball compartit.<\/p>\n<p>M\u00e9s informaci\u00f3 i inscripcions a:<\/p>\n<p><a href=\"https:\/\/projectes.xtec.cat\/bescat\/general\/el-gust-per-la-lectura-noves-formacions\/\" target=\"_blank\" rel=\"noreferrer noopener\" data-saferedirecturl=\"https:\/\/www.google.com\/url?q=https:\/\/projectes.xtec.cat\/bescat\/general\/el-gust-per-la-lectura-noves-formacions\/&amp;source=gmail&amp;ust=1602064942852000&amp;usg=AFQjCNGiCRfPUpm3aPm2Bso6utqu2PMfbw\">https:\/\/projectes.xtec.cat\/<wbr \/>bescat\/general\/el-gust-per-la-<wbr \/>lectura-noves-formacions\/<\/a><\/p>\n<p>&nbsp;<\/p>\n<p><a href=\"https:\/\/aplicacions.gestioeducativa.gencat.cat\/pls\/soloas\/pk_for_mod_ins.p_for_pre_cons_activitats?p_any=2020-2021&amp;p_codi=9001280555\">Taller Gust per la lectura- Cicle inicial<\/a> Inscripci\u00f3: 23\/07\/2020 &#8211; 26\/10\/2020<\/p>\n<p><a href=\"https:\/\/aplicacions.gestioeducativa.gencat.cat\/pls\/soloas\/pk_for_mod_ins.p_for_pre_cons_activitats?p_any=2020-2021&amp;p_codi=9001290555\">Taller Gust per la Lectura- Cicle mitj\u00e0 i superior<\/a> \u00a0Inscripci\u00f3: 23\/07\/2020 &#8211; 26\/10\/2020<\/p>\n<p><a href=\"https:\/\/aplicacions.gestioeducativa.gencat.cat\/pls\/soloas\/pk_for_mod_ins.p_for_pre_cons_activitats?p_any=2020-2021&amp;p_codi=9001320555\">Taller Gust per la Lectura- Secund\u00e0ria obligat\u00f2ria<\/a> \u00a0Inscripci\u00f3: 23\/07\/2020 &#8211; 27\/10\/2020<\/p>\n<p><a href=\"https:\/\/aplicacions.gestioeducativa.gencat.cat\/pls\/soloas\/pk_for_mod_ins.p_for_pre_cons_activitats?p_any=2020-2021&amp;p_codi=9001260555\">Taller Gust per la lectura- Secund\u00e0ria \u201cLlegir a casa i a classe de ci\u00e8ncies\u201d<\/a> Inscripci\u00f3: 23\/07\/2020 &#8211; 26\/10\/2020<\/p>\n<p><a href=\"https:\/\/aplicacions.gestioeducativa.gencat.cat\/pls\/soloas\/pk_for_mod_ins.p_for_pre_cons_activitats?p_any=2020-2021&amp;p_codi=9001400555\">Taller Gust per la Lectura- Batxillerat<\/a> Inscripci\u00f3: 08\/01\/2021 &#8211; 05\/11\/2021<\/td>\n<\/tr>\n<\/tbody>\n<\/table>\n","protected":false},"excerpt":{"rendered":"<p>Aquest any el Programa El Gust per la Lectura ofereix uns tallers de formaci\u00f3 molt interessants per a prim\u00e0ria, ESO i Batxillerat. Consistiran en dues sessions virtuals s\u00edncrones i la lectura d&#8217;un dels llibres que presenta el programa. La primera sessi\u00f3 ser\u00e0 sobre lectura guiada&hellip;  <a href=\"https:\/\/serveiseducatius.xtec.cat\/altmaresme\/portada\/inscripcio-als-tallers-el-gust-per-la-lectura\/\" title=\"Read Inscripci\u00f3 als tallers El Gust per la Lectura\">Llegeix m\u00e9s\u00bb<\/a><\/p>\n","protected":false},"author":137,"featured_media":9140,"comment_status":"open","ping_status":"closed","sticky":false,"template":"","format":"standard","meta":{"_bbp_topic_count":0,"_bbp_reply_count":0,"_bbp_total_topic_count":0,"_bbp_total_reply_count":0,"_bbp_voice_count":0,"_bbp_anonymous_reply_count":0,"_bbp_topic_count_hidden":0,"_bbp_reply_count_hidden":0,"_bbp_forum_subforum_count":0,"footnotes":""},"categories":[29,1046,1045],"tags":[],"class_list":["post-13102","post","type-post","status-publish","format-standard","has-post-thumbnail","hentry","category-portada","category-primaria","category-secundaria"],"post_mailing_queue_ids":[],"_links":{"self":[{"href":"https:\/\/serveiseducatius.xtec.cat\/altmaresme\/wp-json\/wp\/v2\/posts\/13102","targetHints":{"allow":["GET"]}}],"collection":[{"href":"https:\/\/serveiseducatius.xtec.cat\/altmaresme\/wp-json\/wp\/v2\/posts"}],"about":[{"href":"https:\/\/serveiseducatius.xtec.cat\/altmaresme\/wp-json\/wp\/v2\/types\/post"}],"author":[{"embeddable":true,"href":"https:\/\/serveiseducatius.xtec.cat\/altmaresme\/wp-json\/wp\/v2\/users\/137"}],"replies":[{"embeddable":true,"href":"https:\/\/serveiseducatius.xtec.cat\/altmaresme\/wp-json\/wp\/v2\/comments?post=13102"}],"version-history":[{"count":1,"href":"https:\/\/serveiseducatius.xtec.cat\/altmaresme\/wp-json\/wp\/v2\/posts\/13102\/revisions"}],"predecessor-version":[{"id":13103,"href":"https:\/\/serveiseducatius.xtec.cat\/altmaresme\/wp-json\/wp\/v2\/posts\/13102\/revisions\/13103"}],"wp:featuredmedia":[{"embeddable":true,"href":"https:\/\/serveiseducatius.xtec.cat\/altmaresme\/wp-json\/wp\/v2\/media\/9140"}],"wp:attachment":[{"href":"https:\/\/serveiseducatius.xtec.cat\/altmaresme\/wp-json\/wp\/v2\/media?parent=13102"}],"wp:term":[{"taxonomy":"category","embeddable":true,"href":"https:\/\/serveiseducatius.xtec.cat\/altmaresme\/wp-json\/wp\/v2\/categories?post=13102"},{"taxonomy":"post_tag","embeddable":true,"href":"https:\/\/serveiseducatius.xtec.cat\/altmaresme\/wp-json\/wp\/v2\/tags?post=13102"}],"curies":[{"name":"wp","href":"https:\/\/api.w.org\/{rel}","templated":true}]}}