{"id":13096,"date":"2020-10-02T13:34:21","date_gmt":"2020-10-02T11:34:21","guid":{"rendered":"http:\/\/serveiseducatius.xtec.cat\/altmaresme\/?p=13096"},"modified":"2020-10-02T13:34:21","modified_gmt":"2020-10-02T11:34:21","slug":"arriba-la-v-edicio-del-programa-recerkids","status":"publish","type":"post","link":"https:\/\/serveiseducatius.xtec.cat\/altmaresme\/portada\/arriba-la-v-edicio-del-programa-recerkids\/","title":{"rendered":"ARRIBA LA V EDICI\u00d3 DEL PROGRAMA RECERKIDS!"},"content":{"rendered":"<div id=\"m_5026717516143553608text-block-5\"><strong>Recerkids<\/strong>, \u00e9s el <strong>programa educatiu<\/strong>\u00a0organitzat per la\u00a0<strong>Direcci\u00f3 General de Recerca<\/strong>\u00a0de la\u00a0<strong>Generalitat de Catalunya<\/strong>\u00a0i Eduxarxa que t\u00e9 com a objectiu apropar la\u00a0<strong>recerca cient\u00edfica<\/strong>\u00a0a l\u2019alumnat de\u00a0<strong>5\u00e8 i 6\u00e8 de Prim\u00e0ria<\/strong>.<\/div>\n<div>Aquest curs celebren la <strong>V edici\u00f3\u00a0<\/strong>del programa, i ho fan amb recerques sobre el <strong>canvi clim\u00e0tic<\/strong>, una tem\u00e0tica de molta actualitat amb la qual volen commemorar l&#8217;aniversari d&#8217;<strong>Eduard Fontser\u00e8<\/strong>, fundador i director del Servei Meteorol\u00f2gic de Catalunya.Tenint en compte el context en qu\u00e8 ens trobem, el Recerkids d&#8217;enguany proposa\u00a0<strong>dues l\u00ednies de recerca pautades,<\/strong>\u00a0que es podran dur a terme\u00a0<strong>tant a l&#8217;aula com des de casa<\/strong>, per tal d&#8217;adaptar-se a les diferents situacions que puguin sorgir amb els grups-classe durant el programa.<\/p>\n<p>A m\u00e9s a m\u00e9s, tamb\u00e9 com a novetat d&#8217;aquest any, el programa ofereix una\u00a0<strong>adaptaci\u00f3 curricular de les recerques per a les escoles d&#8217;alta complexitat\u00a0<\/strong>per tal d&#8217;ajudar el professorat el millor possible.<\/p>\n<\/div>\n<div><\/div>\n<table style=\"height: 37px;\" width=\"963\">\n<tbody>\n<tr>\n<td style=\"width: 960px; text-align: center;\"><a href=\"https:\/\/www.recerkids.cat\/recerca-2020-2021\/\">CONEIX EL PROGRAMA 2020-2021<\/a><\/td>\n<\/tr>\n<\/tbody>\n<\/table>\n<div id=\"text-block-7\" class=\"mk-text-block \">\n<h5>Calendari<\/h5>\n<p><span style=\"font-size: 1.6875em;\">Inscripcions: del 17 de setembre al 13 de novembre de 2020<\/span><\/p>\n<\/div>\n<div id=\"text-block-8\" class=\"mk-text-block \">\n<h5>Projecte de recerca: de l\u201911 de gener al 19 d\u2019abril de 2021<\/h5>\n<p>Congr\u00e9s virtual: maig de 2021 (data per concretar)<\/p>\n<\/div>\n","protected":false},"excerpt":{"rendered":"<p>Recerkids, \u00e9s el programa educatiu\u00a0organitzat per la\u00a0Direcci\u00f3 General de Recerca\u00a0de la\u00a0Generalitat de Catalunya\u00a0i Eduxarxa que t\u00e9 com a objectiu apropar la\u00a0recerca cient\u00edfica\u00a0a l\u2019alumnat de\u00a05\u00e8 i 6\u00e8 de Prim\u00e0ria.<br \/>\nAquest curs celebren la V edici\u00f3\u00a0del programa, i ho fan amb recerques sobre el canvi clim\u00e0tic, una tem\u00e0tica&hellip;  <a href=\"https:\/\/serveiseducatius.xtec.cat\/altmaresme\/portada\/arriba-la-v-edicio-del-programa-recerkids\/\" title=\"Read ARRIBA LA V EDICI\u00d3 DEL PROGRAMA RECERKIDS!\">Llegeix m\u00e9s\u00bb<\/a><\/p>\n","protected":false},"author":137,"featured_media":10679,"comment_status":"open","ping_status":"closed","sticky":false,"template":"","format":"standard","meta":{"_bbp_topic_count":0,"_bbp_reply_count":0,"_bbp_total_topic_count":0,"_bbp_total_reply_count":0,"_bbp_voice_count":0,"_bbp_anonymous_reply_count":0,"_bbp_topic_count_hidden":0,"_bbp_reply_count_hidden":0,"_bbp_forum_subforum_count":0,"footnotes":""},"categories":[29,1046],"tags":[],"class_list":["post-13096","post","type-post","status-publish","format-standard","has-post-thumbnail","hentry","category-portada","category-primaria"],"post_mailing_queue_ids":[],"_links":{"self":[{"href":"https:\/\/serveiseducatius.xtec.cat\/altmaresme\/wp-json\/wp\/v2\/posts\/13096","targetHints":{"allow":["GET"]}}],"collection":[{"href":"https:\/\/serveiseducatius.xtec.cat\/altmaresme\/wp-json\/wp\/v2\/posts"}],"about":[{"href":"https:\/\/serveiseducatius.xtec.cat\/altmaresme\/wp-json\/wp\/v2\/types\/post"}],"author":[{"embeddable":true,"href":"https:\/\/serveiseducatius.xtec.cat\/altmaresme\/wp-json\/wp\/v2\/users\/137"}],"replies":[{"embeddable":true,"href":"https:\/\/serveiseducatius.xtec.cat\/altmaresme\/wp-json\/wp\/v2\/comments?post=13096"}],"version-history":[{"count":2,"href":"https:\/\/serveiseducatius.xtec.cat\/altmaresme\/wp-json\/wp\/v2\/posts\/13096\/revisions"}],"predecessor-version":[{"id":13098,"href":"https:\/\/serveiseducatius.xtec.cat\/altmaresme\/wp-json\/wp\/v2\/posts\/13096\/revisions\/13098"}],"wp:featuredmedia":[{"embeddable":true,"href":"https:\/\/serveiseducatius.xtec.cat\/altmaresme\/wp-json\/wp\/v2\/media\/10679"}],"wp:attachment":[{"href":"https:\/\/serveiseducatius.xtec.cat\/altmaresme\/wp-json\/wp\/v2\/media?parent=13096"}],"wp:term":[{"taxonomy":"category","embeddable":true,"href":"https:\/\/serveiseducatius.xtec.cat\/altmaresme\/wp-json\/wp\/v2\/categories?post=13096"},{"taxonomy":"post_tag","embeddable":true,"href":"https:\/\/serveiseducatius.xtec.cat\/altmaresme\/wp-json\/wp\/v2\/tags?post=13096"}],"curies":[{"name":"wp","href":"https:\/\/api.w.org\/{rel}","templated":true}]}}